{"id":11595,"date":"2018-01-26T07:42:27","date_gmt":"2018-01-26T13:42:27","guid":{"rendered":"http:\/\/www.inces.gob.ve\/?p=11595"},"modified":"2018-01-26T07:42:27","modified_gmt":"2018-01-26T13:42:27","slug":"inces-carabobo-acordo-acciones-formativas-alcaldia-guacara-alimca-gran-mision-saber-trabajo","status":"publish","type":"post","link":"https:\/\/inces.gob.ve\/index.php\/2018\/01\/26\/inces-carabobo-acordo-acciones-formativas-alcaldia-guacara-alimca-gran-mision-saber-trabajo\/","title":{"rendered":"Inces Carabobo acord\u00f3 acciones formativas con alcald\u00eda de Guacara, Alimca y Gran Misi\u00f3n Saber y Trabajo"},"content":{"rendered":"<p style=\"text-align: justify;\" align=\"justify\"><em><strong>*** Ofrecer\u00e1n formaci\u00f3n t\u00e9cnica agroalimentaria y en higiene personal. Asimismo, se certificar\u00e1n los saberes en las \u00e1reas de producci\u00f3n y agricultura<\/strong><\/em><!--more--><\/p>\n<p align=\"justify\">\u00a0<\/p>\n<p style=\"text-align: justify;\" align=\"justify\"><strong>Prensa Inces Carabobo.-<\/strong> El equipo del Instituto Nacional de Capacitaci\u00f3n y Educaci\u00f3n Socialista (Inces), regi\u00f3n Carabobo, en reuni\u00f3n con el alcalde de Guacara, Johan Casta\u00f1eda, establecieron convenios en relaci\u00f3n a los programas Inces en beneficio de los trabajadores municipales y l\u00edderes comunitarios de la zona.<\/p>\n<p align=\"justify\">\u00a0<\/p>\n<p style=\"text-align: justify;\" align=\"justify\">El gerente regional, Guyen Soto, indic\u00f3 que adem\u00e1s se acordaron acciones para certificar los saberes emp\u00edricos y la formaci\u00f3n productiva en sectores del municipio. De igual manera, recuperar\u00e1n en conjunto pupitres y mesas-sillas de las instituciones educativas y capacitar\u00e1n a los aprendices guacare\u00f1os del Plan Chamba Juvenil.<\/p>\n<p align=\"justify\">\u00a0<\/p>\n<p align=\"justify\"><img loading=\"lazy\" decoding=\"async\" class=\"size-full wp-image-11596 aligncenter\" src=\"http:\/\/www.inces.gob.ve\/wp-content\/uploads\/2018\/01\/saber-y-trabajo.jpg\" alt=\"\" width=\"1199\" height=\"889\" \/><\/p>\n<p align=\"justify\">\u00a0<\/p>\n<p style=\"text-align: justify;\" align=\"justify\">Entre otros proyectos, se mencion\u00f3 la creaci\u00f3n de una ruta tur\u00edstica Yagua-Vigirima y la municipalizaci\u00f3n de los Inces. Por otra parte, en una reuni\u00f3n con representantes de Alimentos Carabobo (Alimca), el Inces regional ofreci\u00f3 formaci\u00f3n t\u00e9cnica agroalimentaria y en higiene personal.<\/p>\n<p align=\"justify\">\u00a0<\/p>\n<p style=\"text-align: justify;\" align=\"justify\">Asimismo, se certificar\u00e1n los saberes en las \u00e1reas de producci\u00f3n y agricultura y se presentar\u00e1 un proyecto de capacitaci\u00f3n para los jefes municipales y de calle de los Comit\u00e9 Locales de Abastecimiento y Producci\u00f3n (Clap).<\/p>\n<p align=\"justify\">\u00a0<\/p>\n<p align=\"justify\"><img loading=\"lazy\" decoding=\"async\" class=\"size-full wp-image-11598 aligncenter\" src=\"http:\/\/www.inces.gob.ve\/wp-content\/uploads\/2018\/01\/IMG-20180111-WA0028.jpg\" alt=\"\" width=\"1052\" height=\"780\" \/><\/p>\n<p align=\"justify\">\u00a0<\/p>\n<p style=\"text-align: justify;\" align=\"justify\">Continuando con los convenios, Soto y su equipo, priorizaron, junto a l\u00edderes de la Gran Misi\u00f3n Saber y Trabajo, talleres de reparaci\u00f3n de computadoras, as\u00ed como el identificar los ambientes de trabajo por municipio. El gerente manifest\u00f3: \u201cla intenci\u00f3n es trabajar unidos con otras instituciones y misiones, pues el Inces tiene la capacidad para formar a toda la regi\u00f3n en diversidad de saberes industriales, agroalimentarios, tecnol\u00f3gicos y tur\u00edsticos, entre otros\u201d.<\/p>\n<p align=\"justify\">\u00a0<\/p>\n<p align=\"justify\">\u00a0<\/p>\n<p style=\"text-align: justify;\" align=\"justify\"><strong>T\/ Mar\u00eda Ver\u00f3nica Molina<\/strong><\/p>\n","protected":false},"excerpt":{"rendered":"<p>*** Ofrecer\u00e1n formaci\u00f3n t\u00e9cnica agroalimentaria y en higiene personal. Asimismo, se certificar\u00e1n los saberes en las \u00e1reas de producci\u00f3n y agricultura<\/p>\n","protected":false},"author":15,"featured_media":11597,"comment_status":"closed","ping_status":"closed","sticky":false,"template":"","format":"aside","meta":{"footnotes":""},"categories":[2],"tags":[],"class_list":["post-11595","post","type-post","status-publish","format-aside","has-post-thumbnail","hentry","category-blog","post_format-post-format-aside"],"_links":{"self":[{"href":"https:\/\/inces.gob.ve\/index.php\/wp-json\/wp\/v2\/posts\/11595","targetHints":{"allow":["GET"]}}],"collection":[{"href":"https:\/\/inces.gob.ve\/index.php\/wp-json\/wp\/v2\/posts"}],"about":[{"href":"https:\/\/inces.gob.ve\/index.php\/wp-json\/wp\/v2\/types\/post"}],"author":[{"embeddable":true,"href":"https:\/\/inces.gob.ve\/index.php\/wp-json\/wp\/v2\/users\/15"}],"replies":[{"embeddable":true,"href":"https:\/\/inces.gob.ve\/index.php\/wp-json\/wp\/v2\/comments?post=11595"}],"version-history":[{"count":0,"href":"https:\/\/inces.gob.ve\/index.php\/wp-json\/wp\/v2\/posts\/11595\/revisions"}],"wp:featuredmedia":[{"embeddable":true,"href":"https:\/\/inces.gob.ve\/index.php\/wp-json\/"}],"wp:attachment":[{"href":"https:\/\/inces.gob.ve\/index.php\/wp-json\/wp\/v2\/media?parent=11595"}],"wp:term":[{"taxonomy":"category","embeddable":true,"href":"https:\/\/inces.gob.ve\/index.php\/wp-json\/wp\/v2\/categories?post=11595"},{"taxonomy":"post_tag","embeddable":true,"href":"https:\/\/inces.gob.ve\/index.php\/wp-json\/wp\/v2\/tags?post=11595"}],"curies":[{"name":"wp","href":"https:\/\/api.w.org\/{rel}","templated":true}]}}