{"id":11630,"date":"2018-01-26T11:14:29","date_gmt":"2018-01-26T17:14:29","guid":{"rendered":"http:\/\/www.inces.gob.ve\/?p=11630"},"modified":"2018-01-26T11:14:29","modified_gmt":"2018-01-26T17:14:29","slug":"maduro-todas-las-universidades-liceos-del-pais-se-instalaran-granjas-criptomonedas","status":"publish","type":"post","link":"https:\/\/inces.gob.ve\/index.php\/2018\/01\/26\/maduro-todas-las-universidades-liceos-del-pais-se-instalaran-granjas-criptomonedas\/","title":{"rendered":"Aprendices Inces asistieron a proclamaci\u00f3n de Maduro como candidato presidencial"},"content":{"rendered":"<p style=\"text-align: justify;\"><em><strong>*** Masivo Encuentro con la juventud venezolana<\/strong><\/em><\/p>\n<p>&nbsp;<\/p>\n<p style=\"text-align: justify;\"><!--more--><\/p>\n<p align=\"justify\">\u00a0<\/p>\n<p style=\"text-align: justify;\" align=\"justify\"><strong>Prensa Inces sede.-\u00a0<\/strong><span style=\"color: #111111;\"><span style=\"font-family: trebuchet ms,sans-serif;\"><span style=\"font-size: medium;\">Un importante grupo de j\u00f3venes aprendices del Inces, provenientes de los centros formativos de Distrito Capital y del estado Miranda, asisti\u00f3 a la proclamaci\u00f3n de Nicol\u00e1s Maduro como candidato a las elecciones presidenciales previstas para finales del mes de abril, en un masivo evento realizado en el Poliedro de Caracas con la asistencia del presidente del Inces Wuikelman Angel.<\/span><\/span><\/span><\/p>\n<p style=\"text-align: justify;\" align=\"justify\"><img loading=\"lazy\" decoding=\"async\" class=\"size-full wp-image-11644 aligncenter\" src=\"http:\/\/www.inces.gob.ve\/wp-content\/uploads\/2018\/01\/3-poliedro-juventud.jpg\" alt=\"\" width=\"800\" height=\"533\" \/><\/p>\n<p style=\"text-align: justify;\" align=\"justify\"><span style=\"color: #111111;\">Los j\u00f3venes aprendices, organizados en los Consejos Estudiantiles del Inces, han hecho propuestas para ser incluidas al segundo Plan de la Patria, instrumento de acci\u00f3n gubernamental que escribi\u00f3 y leg\u00f3 el presidente Ch\u00e1vez para su ejecuci\u00f3n en<\/span><span style=\"color: #111111;\">tre<\/span><span style=\"color: #111111;\"> el periodo 2012-2018. <img loading=\"lazy\" decoding=\"async\" class=\"size-full wp-image-11643 aligncenter\" src=\"http:\/\/www.inces.gob.ve\/wp-content\/uploads\/2018\/01\/2-poliedro-juventud.jpg\" alt=\"\" width=\"800\" height=\"533\" \/><\/span><\/p>\n<p style=\"text-align: justify;\" align=\"justify\"><span style=\"color: #111111;\">El nuevo Plan de la Patria\u00a0 ha sido sometido a consultas entre los venezolanos de todos las organizaciones de trabajadores, gremios, movimientos sociales, grupos universitarios, deportistas, j\u00f3venes liceistas, entre otros, para ampliar el radio de consultas y as\u00ed elaborar un Plan de amplia participaci\u00f3n popular, donde los j\u00f3venes del Inces no han quedado fuera. <img loading=\"lazy\" decoding=\"async\" class=\"size-full wp-image-11641 aligncenter\" src=\"http:\/\/www.inces.gob.ve\/wp-content\/uploads\/2018\/01\/00-poliedro-juventud.jpg\" alt=\"\" width=\"800\" height=\"533\" \/><\/span><\/p>\n<p style=\"text-align: justify;\" align=\"justify\"><span style=\"color: #111111;\">En el acto, el presidente Maduro anunci\u00f3 la creaci\u00f3n de <\/span><strong><span style=\"color: #111111;\">cooperativas juveniles <\/span><\/strong><span style=\"color: #111111;\">para instalar<\/span><strong><span style=\"color: #111111;\"> granjas de la criptomoneda Petro en los liceos y universidades del pa\u00eds. <img loading=\"lazy\" decoding=\"async\" class=\"size-full wp-image-11642 aligncenter\" src=\"http:\/\/www.inces.gob.ve\/wp-content\/uploads\/2018\/01\/1-poliedro-juventud.jpg\" alt=\"\" width=\"850\" height=\"567\" \/><\/span><\/strong><\/p>\n<p style=\"text-align: justify;\" align=\"justify\"><strong>Voceros<\/strong><\/p>\n<p style=\"text-align: justify;\" align=\"justify\">Una selecci\u00f3n de voceros le ha manifestado al presidente la necesidad de respaldar su candidatura, para que la juventud sea incorporada al mercado laboral, continuar estudios universitarios, tener acceso a las nuevas tecnolog\u00edas, y acceso a las ayudas econ\u00f3micas de muy diversa \u00edndole.<\/p>\n<p style=\"text-align: justify;\" align=\"justify\"><img loading=\"lazy\" decoding=\"async\" class=\"size-full wp-image-11633 aligncenter\" src=\"http:\/\/www.inces.gob.ve\/wp-content\/uploads\/2018\/01\/DUel0AcXUAAos2l.jpg\" alt=\"\" width=\"1080\" height=\"606\" \/><\/p>\n<p style=\"text-align: justify;\" align=\"justify\">Luego de expresarles en respuesta que efectivamente, pone su nombre en la contienda electoral, les garantiz\u00f3, entre otras premisas, que mientras \u00e9l sea presidente la educaci\u00f3n juvenil tendr\u00e1 la posibilidad gubernamental de ser gratuita y de calidad.<img loading=\"lazy\" decoding=\"async\" class=\"size-full wp-image-11647 aligncenter\" src=\"http:\/\/www.inces.gob.ve\/wp-content\/uploads\/2018\/01\/6-poliedro-juventud.jpg\" alt=\"\" width=\"800\" height=\"533\" \/><\/p>\n<p style=\"text-align: justify;\" align=\"justify\">Entre otros anuncios dijo que este a\u00f1o espera la incorporaci\u00f3n de un mill\u00f3n (1.000.000) de muchachos inscritos en el Plan Nacional Chamba Juvenil con apoyo de diversas instituciones, entre ellas el Instituto Nacional de Capacitaci\u00f3n y Educaci\u00f3n Socialista.<img loading=\"lazy\" decoding=\"async\" class=\"size-full wp-image-11656 aligncenter\" src=\"http:\/\/www.inces.gob.ve\/wp-content\/uploads\/2018\/01\/9-Juventud-Poliedro.jpg\" alt=\"\" width=\"800\" height=\"533\" \/><img loading=\"lazy\" decoding=\"async\" class=\"size-full wp-image-11645 aligncenter\" src=\"http:\/\/www.inces.gob.ve\/wp-content\/uploads\/2018\/01\/4-poliedro-juventud.jpg\" alt=\"\" width=\"800\" height=\"533\" \/><\/p>\n<p style=\"text-align: justify;\" align=\"justify\">(I.R) (FM)<\/p>\n","protected":false},"excerpt":{"rendered":"<p>*** Masivo Encuentro con la juventud venezolana &nbsp;<\/p>\n","protected":false},"author":15,"featured_media":11634,"comment_status":"closed","ping_status":"closed","sticky":false,"template":"","format":"aside","meta":{"footnotes":""},"categories":[2],"tags":[],"class_list":["post-11630","post","type-post","status-publish","format-aside","has-post-thumbnail","hentry","category-blog","post_format-post-format-aside"],"_links":{"self":[{"href":"https:\/\/inces.gob.ve\/index.php\/wp-json\/wp\/v2\/posts\/11630","targetHints":{"allow":["GET"]}}],"collection":[{"href":"https:\/\/inces.gob.ve\/index.php\/wp-json\/wp\/v2\/posts"}],"about":[{"href":"https:\/\/inces.gob.ve\/index.php\/wp-json\/wp\/v2\/types\/post"}],"author":[{"embeddable":true,"href":"https:\/\/inces.gob.ve\/index.php\/wp-json\/wp\/v2\/users\/15"}],"replies":[{"embeddable":true,"href":"https:\/\/inces.gob.ve\/index.php\/wp-json\/wp\/v2\/comments?post=11630"}],"version-history":[{"count":0,"href":"https:\/\/inces.gob.ve\/index.php\/wp-json\/wp\/v2\/posts\/11630\/revisions"}],"wp:featuredmedia":[{"embeddable":true,"href":"https:\/\/inces.gob.ve\/index.php\/wp-json\/"}],"wp:attachment":[{"href":"https:\/\/inces.gob.ve\/index.php\/wp-json\/wp\/v2\/media?parent=11630"}],"wp:term":[{"taxonomy":"category","embeddable":true,"href":"https:\/\/inces.gob.ve\/index.php\/wp-json\/wp\/v2\/categories?post=11630"},{"taxonomy":"post_tag","embeddable":true,"href":"https:\/\/inces.gob.ve\/index.php\/wp-json\/wp\/v2\/tags?post=11630"}],"curies":[{"name":"wp","href":"https:\/\/api.w.org\/{rel}","templated":true}]}}