{"id":11700,"date":"2018-01-30T09:27:07","date_gmt":"2018-01-30T15:27:07","guid":{"rendered":"http:\/\/www.inces.gob.ve\/?p=11700"},"modified":"2020-05-28T20:33:28","modified_gmt":"2020-05-29T00:33:28","slug":"31-jovenes-se-forman-inces-lara-ingresar-pdvsa-mercado-nacional","status":"publish","type":"post","link":"https:\/\/inces.gob.ve\/index.php\/2018\/01\/30\/31-jovenes-se-forman-inces-lara-ingresar-pdvsa-mercado-nacional\/","title":{"rendered":"31 j\u00f3venes se forman en Inces Lara para ingresar a Pdvsa Mercado Nacional"},"content":{"rendered":"<p style=\"text-align: justify;\" align=\"center\"><em><strong><span style=\"font-family: Times New Roman,serif;\">*** <\/span>Chambistas con potencialidades se incorporan a la formaci\u00f3n productiva<\/strong><\/em><!--more--><\/p>\n<p align=\"center\">\u00a0<\/p>\n<p style=\"text-align: justify;\" align=\"center\"><strong>Prensa Inces Lara.-<\/strong> \u201cAnte miles de circunstancias iniciamos con ustedes, Pdvsa Mercado Nacional. Vamos caminando, firmes en la lucha. Gracias por estar aqu\u00ed, por resistir y ser la valiente juventud de la patria\u201d. Con estas palabras el gerente regional de Inces Lara, Julio C\u00e9sar Garc\u00eda L\u00f3pez dio la bienvenida, desde el Centro de Formaci\u00f3n Socialista (CFS) Jes\u00fas \u2018Gordo\u2019 P\u00e1ez, al\u00a0 grupo de j\u00f3venes que ser\u00e1n incorporados a la n\u00f3mina de Petr\u00f3leos de Venezuela (Pdvsa).<\/p>\n<p align=\"justify\">\u00a0<\/p>\n<p style=\"text-align: justify;\" align=\"justify\">Garc\u00eda L\u00f3pez explic\u00f3 que el Inces tiene en su apellido la letra \u00abS\u00bb de socialista y que esta juventud vive y siente el proceso revolucionario incluyente y comprometido que desde la instituci\u00f3n llega al pueblo: \u201cJ\u00f3venes, ustedes contribuyen a partir de este momento como trabajadores. Estamos buscando darles su t\u00edtulo en \u00e1reas t\u00e9cnicas, es el momento de formarse y producir. Es un mundo de trabajo justo y din\u00e1mico en el que ahora se incorporan\u201d, destac\u00f3.<\/p>\n<p align=\"center\">\u00a0<\/p>\n<p align=\"center\"><img loading=\"lazy\" decoding=\"async\" class=\"size-full wp-image-11703 aligncenter\" src=\"http:\/\/www.inces.gob.ve\/wp-content\/uploads\/2018\/01\/Lara-ChJ-Pdvsa-30.1.18-1.jpg\" alt=\"\" width=\"1266\" height=\"807\" \/><\/p>\n<p align=\"center\">\u00a0<\/p>\n<p style=\"text-align: justify;\" align=\"center\"><strong>Charla introductoria para los j\u00f3venes<\/strong><\/p>\n<p style=\"text-align: justify;\" align=\"justify\">La raz\u00f3n de ser de la empresa, la evoluci\u00f3n hist\u00f3rica del mercado nacional, los procesos y sus productos derivados fueron los puntos explicados Jes\u00fas Gonz\u00e1lez, de la Superintendencia de Tecnolog\u00eda e Informaci\u00f3n y de la Gerencia de Planificaci\u00f3n.<\/p>\n<p align=\"justify\">\u00a0<\/p>\n<p style=\"text-align: justify;\" align=\"justify\">\u00abPdvsa, Mercado Nacional est\u00e1 constituida por gente comprometida para contribuir al proceso social y econ\u00f3mico del pa\u00eds. A los j\u00f3venes incorporados a esta petrolera, este equipo de trabajo les da la bienvenida. Tienen ante ustedes un panorama de oportunidades, donde la inclusi\u00f3n es la premisa\u00bb, disert\u00f3 Gonz\u00e1lez.<\/p>\n<p align=\"justify\">\u00a0<\/p>\n<p style=\"text-align: justify;\" align=\"justify\">Este grupo de j\u00f3venes se suma a la fuerza productiva para la patria. EI Inces atiende y da respuesta a todos los sectores. Rostros visiblemente agradecidos y esperanzados mostraban padres y madres que ven en sus hijos un presente de inclusi\u00f3n y futuro de victoria, donde es tangible el compromiso de la revoluci\u00f3n bolivariana para seguir incorporando con pol\u00edticas acertadas e iniciativas sociales a los hijos e hijas de Ch\u00e1vez.<\/p>\n<p align=\"justify\">\u00a0<\/p>\n<p style=\"text-align: justify;\" align=\"justify\"><strong>T\/ Dannys Morillo<\/strong><\/p>\n","protected":false},"excerpt":{"rendered":"<p>*** Chambistas con potencialidades se incorporan a la formaci\u00f3n productiva<\/p>\n","protected":false},"author":4,"featured_media":11702,"comment_status":"closed","ping_status":"closed","sticky":false,"template":"","format":"aside","meta":{"footnotes":""},"categories":[2],"tags":[],"class_list":["post-11700","post","type-post","status-publish","format-aside","has-post-thumbnail","hentry","category-blog","post_format-post-format-aside"],"_links":{"self":[{"href":"https:\/\/inces.gob.ve\/index.php\/wp-json\/wp\/v2\/posts\/11700","targetHints":{"allow":["GET"]}}],"collection":[{"href":"https:\/\/inces.gob.ve\/index.php\/wp-json\/wp\/v2\/posts"}],"about":[{"href":"https:\/\/inces.gob.ve\/index.php\/wp-json\/wp\/v2\/types\/post"}],"author":[{"embeddable":true,"href":"https:\/\/inces.gob.ve\/index.php\/wp-json\/wp\/v2\/users\/4"}],"replies":[{"embeddable":true,"href":"https:\/\/inces.gob.ve\/index.php\/wp-json\/wp\/v2\/comments?post=11700"}],"version-history":[{"count":1,"href":"https:\/\/inces.gob.ve\/index.php\/wp-json\/wp\/v2\/posts\/11700\/revisions"}],"predecessor-version":[{"id":35018,"href":"https:\/\/inces.gob.ve\/index.php\/wp-json\/wp\/v2\/posts\/11700\/revisions\/35018"}],"wp:featuredmedia":[{"embeddable":true,"href":"https:\/\/inces.gob.ve\/index.php\/wp-json\/"}],"wp:attachment":[{"href":"https:\/\/inces.gob.ve\/index.php\/wp-json\/wp\/v2\/media?parent=11700"}],"wp:term":[{"taxonomy":"category","embeddable":true,"href":"https:\/\/inces.gob.ve\/index.php\/wp-json\/wp\/v2\/categories?post=11700"},{"taxonomy":"post_tag","embeddable":true,"href":"https:\/\/inces.gob.ve\/index.php\/wp-json\/wp\/v2\/tags?post=11700"}],"curies":[{"name":"wp","href":"https:\/\/api.w.org\/{rel}","templated":true}]}}