{"id":11718,"date":"2018-02-01T13:46:32","date_gmt":"2018-02-01T19:46:32","guid":{"rendered":"http:\/\/www.inces.gob.ve\/?p=11718"},"modified":"2018-02-01T13:46:32","modified_gmt":"2018-02-01T19:46:32","slug":"inces-impulsara-este-ano-la-produccion-alimentos-bienes-escolares","status":"publish","type":"post","link":"https:\/\/inces.gob.ve\/index.php\/2018\/02\/01\/inces-impulsara-este-ano-la-produccion-alimentos-bienes-escolares\/","title":{"rendered":"Inces impulsar\u00e1 este a\u00f1o la producci\u00f3n de alimentos y bienes escolares"},"content":{"rendered":"<p style=\"text-align: justify;\"><em><strong>***Las cifras incluyen la construcci\u00f3n de 50 mil mesas sillas y 50 mil kits de herramientas para los conucos escolares<\/strong><\/em><br \/>\n <span id=\"more-6502\"><\/span><\/p>\n<p><!--more--><\/p>\n<p>&nbsp;<\/p>\n<p style=\"text-align: justify;\"><strong>Prensa Inces sede.-<\/strong> Como organismo adscrito al Ministerio del Poder Popular para la Educaci\u00f3n (Mppe), el Instituto Nacional de Capacitaci\u00f3n y Educaci\u00f3n Socialista (Inces) espera potenciar los proyectos de mesas sillas, elaboraci\u00f3n de uniformes y conucos escolares, en pro de los j\u00f3venes estudiantes del pa\u00eds, as\u00ed lo asegur\u00f3 la gerente general de Producci\u00f3n y Encadenamiento Productivo de la instituci\u00f3n, Raiza Lanz durante el programa de radio \u201cSomos Inces\u201d.<\/p>\n<p>&nbsp;<\/p>\n<p style=\"text-align: justify;\"><img loading=\"lazy\" decoding=\"async\" class=\"aligncenter\" src=\"http:\/\/intranet.inces.gob.ve\/wp-content\/uploads\/2018\/02\/xSomoINCES-Radio-0.jpeg.pagespeed.ic.prttbrAoRB.jpg\" sizes=\"auto, (max-width: 850px) 100vw, 850px\" srcset=\"http:\/\/intranet.inces.gob.ve\/wp-content\/uploads\/2018\/02\/SomoINCES-Radio-0.jpeg 850w, http:\/\/intranet.inces.gob.ve\/wp-content\/uploads\/2018\/02\/SomoINCES-Radio-0-300x225.jpeg 300w, http:\/\/intranet.inces.gob.ve\/wp-content\/uploads\/2018\/02\/SomoINCES-Radio-0-768x576.jpeg 768w\" alt=\"SomoINCES Radio 0\" width=\"850\" height=\"638\" \/><\/p>\n<p>&nbsp;<\/p>\n<p style=\"text-align: justify;\">En la entrevista, realizada por el presidente del Inces, Wuikelman Angel y la periodista Genail Salinas, Lanz asegur\u00f3 que esta gerencia ha logrado la siembra de ma\u00edz, auyama, caf\u00e9, aj\u00ed, piment\u00f3n, tomate, \u201cy producci\u00f3n de biofertilizantes con micro organismos eficientes con las semillas, que va a beneficiar a la poblaci\u00f3n en general y a los conucos escolares\u201d.<\/p>\n<p>&nbsp;<\/p>\n<p style=\"text-align: justify;\">Hasta los momentos, el Inces participar\u00e1 en este programa del gobierno nacional, elaborando un total de 50 mil kits de herramientas para los conucos escolares en todo el pa\u00eds, \u201caportando una cuarta parte de los 20 mil conucos existentes, para producir los bienes y servicios que requerimos como poblaci\u00f3n\u201d, indic\u00f3 Lanz.<\/p>\n<p>&nbsp;<\/p>\n<p style=\"text-align: justify;\">En cuanto a la meta para este a\u00f1o, el Inces espera construir 50 mil mesas sillas, que beneficiar\u00e1n a la poblaci\u00f3n de colegios y liceos.<\/p>\n<p>&nbsp;<\/p>\n<p style=\"text-align: justify;\"><img loading=\"lazy\" decoding=\"async\" class=\"aligncenter\" src=\"http:\/\/intranet.inces.gob.ve\/wp-content\/uploads\/2018\/02\/xSomo-Inces-Radio2.jpg.pagespeed.ic.cag_qF9DD6.jpg\" sizes=\"auto, (max-width: 850px) 100vw, 850px\" srcset=\"http:\/\/intranet.inces.gob.ve\/wp-content\/uploads\/2018\/02\/Somo-Inces-Radio2.jpg 850w, http:\/\/intranet.inces.gob.ve\/wp-content\/uploads\/2018\/02\/Somo-Inces-Radio2-300x225.jpg 300w, http:\/\/intranet.inces.gob.ve\/wp-content\/uploads\/2018\/02\/Somo-Inces-Radio2-768x576.jpg 768w\" alt=\"Somo Inces Radio2\" width=\"850\" height=\"638\" \/><\/p>\n<p>&nbsp;<\/p>\n<p style=\"text-align: justify;\">V\u00eda telef\u00f3nica, se comunic\u00f3 el maestro t\u00e9cnico productivo del Inces Carabobo, C\u00e9sar Pirona, para hablar sobre el Centro Nacional de Soldadura que funciona en Valencia y del desarrollo de las brigadas para fomentar el encadenamiento productivo, \u201caqu\u00ed tenemos 8 brigadistas que desarrollan el proyecto de mesas sillas, pero adem\u00e1s abordamos \u00e1reas como la metal\u00fargica y maquinarias agr\u00edcolas, adem\u00e1s de contar con un laboratorio para los ensayos mec\u00e1nicos, en este centro certificado por Sencamer\u201d.<\/p>\n<p>&nbsp;<\/p>\n<p style=\"text-align: justify;\">Pirona constat\u00f3 que todos los participantes en las brigadas est\u00e1n dispuestos a conformarse para la producci\u00f3n emprendedora, \u201cdonde pueden asumir una figura jur\u00eddica y ser aprobados para un cr\u00e9dito por parte del gobierno nacional\u201d.<\/p>\n<p>&nbsp;<\/p>\n<p style=\"text-align: justify;\">Entre tanto, el gerente del Inces Lara, Julio C\u00e9sar Garc\u00eda, convers\u00f3 sobre el trabajo que realiza su entidad con el encadenamiento productivo, \u201cen Lara se han elaborado 3 mil mesas sillas y en materia agr\u00edcola vamos a contar con un plan ambicioso para la siembra de piment\u00f3n, ma\u00edz y caraotas\u201d.<\/p>\n<p>&nbsp;<\/p>\n<p style=\"text-align: justify;\"><img loading=\"lazy\" decoding=\"async\" src=\"http:\/\/intranet.inces.gob.ve\/wp-content\/uploads\/2018\/02\/xSomo-incesRadio1.jpg.pagespeed.ic.m02jLQG194.jpg\" sizes=\"auto, (max-width: 800px) 100vw, 800px\" srcset=\"http:\/\/intranet.inces.gob.ve\/wp-content\/uploads\/2018\/02\/Somo-incesRadio1.jpg 800w, http:\/\/intranet.inces.gob.ve\/wp-content\/uploads\/2018\/02\/Somo-incesRadio1-300x180.jpg 300w, http:\/\/intranet.inces.gob.ve\/wp-content\/uploads\/2018\/02\/Somo-incesRadio1-768x461.jpg 768w\" alt=\"Somo incesRadio1\" width=\"800\" height=\"480\" \/><\/p>\n<p>&nbsp;<\/p>\n<p style=\"text-align: justify;\">Uno de los participantes del programa mesas sillas en Lara, David Veliz, pertenece al curso de herrer\u00eda para el ensamblaje de las mesas sillas y dijo que tuvo la oportunidad de trabajar en conjunto con sus compa\u00f1eros, \u201cme siento muy afortunado de ser parte de estas brigadas, que han permitido, ampliar mis conocimientos como herrero. De igual manera, invito a todos los j\u00f3venes a participar para que sigamos adelante por Venezuela\u201d.<\/p>\n<p>&nbsp;<\/p>\n<p style=\"text-align: justify;\"><strong>T\/ Ciro Rincon<\/strong><\/p>\n","protected":false},"excerpt":{"rendered":"<p>***Las cifras incluyen la construcci\u00f3n de 50 mil mesas sillas y 50 mil kits de herramientas para los conucos escolares<\/p>\n","protected":false},"author":4,"featured_media":11719,"comment_status":"closed","ping_status":"closed","sticky":false,"template":"","format":"aside","meta":{"footnotes":""},"categories":[2],"tags":[],"class_list":["post-11718","post","type-post","status-publish","format-aside","has-post-thumbnail","hentry","category-blog","post_format-post-format-aside"],"_links":{"self":[{"href":"https:\/\/inces.gob.ve\/index.php\/wp-json\/wp\/v2\/posts\/11718","targetHints":{"allow":["GET"]}}],"collection":[{"href":"https:\/\/inces.gob.ve\/index.php\/wp-json\/wp\/v2\/posts"}],"about":[{"href":"https:\/\/inces.gob.ve\/index.php\/wp-json\/wp\/v2\/types\/post"}],"author":[{"embeddable":true,"href":"https:\/\/inces.gob.ve\/index.php\/wp-json\/wp\/v2\/users\/4"}],"replies":[{"embeddable":true,"href":"https:\/\/inces.gob.ve\/index.php\/wp-json\/wp\/v2\/comments?post=11718"}],"version-history":[{"count":0,"href":"https:\/\/inces.gob.ve\/index.php\/wp-json\/wp\/v2\/posts\/11718\/revisions"}],"wp:featuredmedia":[{"embeddable":true,"href":"https:\/\/inces.gob.ve\/index.php\/wp-json\/"}],"wp:attachment":[{"href":"https:\/\/inces.gob.ve\/index.php\/wp-json\/wp\/v2\/media?parent=11718"}],"wp:term":[{"taxonomy":"category","embeddable":true,"href":"https:\/\/inces.gob.ve\/index.php\/wp-json\/wp\/v2\/categories?post=11718"},{"taxonomy":"post_tag","embeddable":true,"href":"https:\/\/inces.gob.ve\/index.php\/wp-json\/wp\/v2\/tags?post=11718"}],"curies":[{"name":"wp","href":"https:\/\/api.w.org\/{rel}","templated":true}]}}