{"id":11756,"date":"2018-02-02T07:28:28","date_gmt":"2018-02-02T13:28:28","guid":{"rendered":"http:\/\/www.inces.gob.ve\/?p=11756"},"modified":"2018-02-02T07:28:28","modified_gmt":"2018-02-02T13:28:28","slug":"carabobo-inauguro-la-primera-oficina-municipal-carlos-arvelo","status":"publish","type":"post","link":"https:\/\/inces.gob.ve\/index.php\/2018\/02\/02\/carabobo-inauguro-la-primera-oficina-municipal-carlos-arvelo\/","title":{"rendered":"Carabobo inaugur\u00f3 la primera Oficina Municipal en Carlos Arvelo"},"content":{"rendered":"<p class=\"western\" style=\"text-align: justify;\"><span style=\"font-family: Arial,sans-serif;\"><i><b>** Los facilitadores Inces voluntarios y activos recibieron reconocimientos por su valioso trabajo durante el 2017<\/b><\/i><\/span><\/p>\n<p style=\"text-align: justify;\"><!--more--><\/p>\n<p>&nbsp;<\/p>\n<p class=\"western\" style=\"text-align: justify;\"><span style=\"font-family: Arial,sans-serif;\"><b>Prensa Inces Carabobo.-<\/b> El Instituto Nacional de Capacitaci\u00f3n y Educaci\u00f3n Socialista (Inces) regi\u00f3n Carabobo, inaugur\u00f3 la primera Oficina Municipal Inces en la sede de la Fundaci\u00f3n para el desarrollo de la Mujer del municipio Bolivariano de Carlos Arvelo (Fundemca), con la intenci\u00f3n de cubrir las necesidades formativas de los habitantes y trabajadores del ayuntamiento.<img loading=\"lazy\" decoding=\"async\" class=\"size-full wp-image-11758 aligncenter\" src=\"http:\/\/www.inces.gob.ve\/wp-content\/uploads\/2018\/02\/2-reconocimientos.jpg\" alt=\"\" width=\"3104\" height=\"2832\" \/><\/span><\/p>\n<p class=\"western\" style=\"text-align: justify;\"><span style=\"font-family: Arial,sans-serif;\">De la mano del gerente regional, Guyen Soto, el jefe del Centro de Formaci\u00f3n Socialista (CFS) Gral. Rafael Urdaneta, Yorman Rosal; adem\u00e1s de la coordinadora docente, Carmen Vera, el alcalde, Yomar Alvarado y las representantes Fundemca, Norma Ch\u00e1vez y Mar\u00eda Romero, soltaron el lazo y abrieron al p\u00fablico la oficina del Inces, donde se atender\u00e1n, en horario de oficina, las solicitudes relacionadas con formaciones, cursos, certificaciones de saberes emp\u00edricos y acad\u00e9micos, as\u00ed como se ofrecer\u00e1 el apoyo constante a las misiones, grandes misiones, empresas p\u00fablicas y privadas que hacen vida en el municipio.<\/span><\/p>\n<p>&nbsp;<\/p>\n<p class=\"western\" style=\"text-align: justify;\"><span style=\"font-family: Arial,sans-serif;\">Durante el acto, la oradora de orden Carmen Vera, present\u00f3 a la estudiantina \u201cOrlando Castro\u201d, la cual toc\u00f3 los himnos y ameniz\u00f3 la actividad con temas como \u201cCaballo Viejo\u201d, entre otros. Luego se realiz\u00f3 la entrega de constancias de aprobaci\u00f3n de cursos en las \u00e1reas de Refrigeraci\u00f3n (trabajadores de Mercal y particulares), Panader\u00eda B\u00e1sica, Confecci\u00f3n de Prendas de Vestir (habitantes de Bel\u00e9n), Elaboraci\u00f3n de Productos L\u00e1cteos (productores de Bel\u00e9n), Dulcer\u00eda Criolla, Panader\u00eda Artesanal (Comunidad La Bolivariana), Productor de Ganado Bovino, Construcci\u00f3n de Huertos y Modista.<\/span><\/p>\n<p>&nbsp;<\/p>\n<p class=\"western\" style=\"text-align: justify;\"><span style=\"font-family: Arial,sans-serif;\">Asimismo, los facilitadores Inces voluntarios y activos recibieron reconocimientos por su valioso trabajo durante el 2017, quienes aprovecharon conjuntamente con los participantes, para exhibir a los presentes sus creaciones. En el recorrido, Soto hizo un llamado a la producci\u00f3n municipal mayormente en el \u00e1rea agroalimentaria, \u201ces un compromiso de todos sembrar la cultura de la producci\u00f3n, adem\u00e1s de unir esfuerzos entre las instituciones y la comunidad\u201d. <img loading=\"lazy\" decoding=\"async\" class=\"size-full wp-image-11757 aligncenter\" src=\"http:\/\/www.inces.gob.ve\/wp-content\/uploads\/2018\/02\/1reconocimientos.jpg\" alt=\"\" width=\"3120\" height=\"2792\" \/><\/span><\/p>\n<p class=\"western\" style=\"text-align: justify;\"><span style=\"font-family: Arial,sans-serif;\">Tambi\u00e9n, resalt\u00f3 la inserci\u00f3n laboral de los j\u00f3venes en el ayuntamiento a trav\u00e9s de las pol\u00edticas p\u00fablicas orientadas hacia la formaci\u00f3n integral del pueblo, \u201cse deben dar razones para que se queden, pues solo nosotros podemos sacar adelante al municipio\u201d. En este sentido, el equipo Inces junto a los entes gubernamentales se enfocan en el proyecto de la creaci\u00f3n de un Centro de Formaci\u00f3n Socialista en Carlos Arvelo.<\/span><\/p>\n<p>&nbsp;<\/p>\n<p class=\"western\" style=\"text-align: justify;\"><span style=\"font-family: Arial,sans-serif;\">Acta de cooperaci\u00f3n <\/span><\/p>\n<p class=\"western\" style=\"text-align: justify;\"><span style=\"font-family: Arial,sans-serif;\">En el transcurso del acto protocolar, el gerente regional del Inces y el alcalde, firmaron un acta de cooperaci\u00f3n, la cual ayudar\u00e1 a avanzar en pr\u00f3ximos acuerdos. Esto, con la intenci\u00f3n de ejercer acciones conjuntas para la formaci\u00f3n productiva de la poblaci\u00f3n m\u00e1s vulnerable e impulsando la pol\u00edtica de inclusi\u00f3n en el sistema educativo. <\/span><\/p>\n<p>&nbsp;<\/p>\n<p class=\"western\" style=\"text-align: justify;\"><span style=\"font-family: Arial,sans-serif;\">T\/ Mar\u00eda Ver\u00f3nica Molina.<\/span><\/p>\n","protected":false},"excerpt":{"rendered":"<p>** Los facilitadores Inces voluntarios y activos recibieron reconocimientos por su valioso trabajo durante el 2017<\/p>\n","protected":false},"author":15,"featured_media":11757,"comment_status":"closed","ping_status":"closed","sticky":false,"template":"","format":"aside","meta":{"footnotes":""},"categories":[2],"tags":[],"class_list":["post-11756","post","type-post","status-publish","format-aside","has-post-thumbnail","hentry","category-blog","post_format-post-format-aside"],"_links":{"self":[{"href":"https:\/\/inces.gob.ve\/index.php\/wp-json\/wp\/v2\/posts\/11756","targetHints":{"allow":["GET"]}}],"collection":[{"href":"https:\/\/inces.gob.ve\/index.php\/wp-json\/wp\/v2\/posts"}],"about":[{"href":"https:\/\/inces.gob.ve\/index.php\/wp-json\/wp\/v2\/types\/post"}],"author":[{"embeddable":true,"href":"https:\/\/inces.gob.ve\/index.php\/wp-json\/wp\/v2\/users\/15"}],"replies":[{"embeddable":true,"href":"https:\/\/inces.gob.ve\/index.php\/wp-json\/wp\/v2\/comments?post=11756"}],"version-history":[{"count":0,"href":"https:\/\/inces.gob.ve\/index.php\/wp-json\/wp\/v2\/posts\/11756\/revisions"}],"wp:featuredmedia":[{"embeddable":true,"href":"https:\/\/inces.gob.ve\/index.php\/wp-json\/"}],"wp:attachment":[{"href":"https:\/\/inces.gob.ve\/index.php\/wp-json\/wp\/v2\/media?parent=11756"}],"wp:term":[{"taxonomy":"category","embeddable":true,"href":"https:\/\/inces.gob.ve\/index.php\/wp-json\/wp\/v2\/categories?post=11756"},{"taxonomy":"post_tag","embeddable":true,"href":"https:\/\/inces.gob.ve\/index.php\/wp-json\/wp\/v2\/tags?post=11756"}],"curies":[{"name":"wp","href":"https:\/\/api.w.org\/{rel}","templated":true}]}}