{"id":11776,"date":"2018-02-02T09:41:22","date_gmt":"2018-02-02T15:41:22","guid":{"rendered":"http:\/\/www.inces.gob.ve\/?p=11776"},"modified":"2018-02-02T09:41:22","modified_gmt":"2018-02-02T15:41:22","slug":"barinas-participa-impulso-los-konukos-escolares-la-region","status":"publish","type":"post","link":"https:\/\/inces.gob.ve\/index.php\/2018\/02\/02\/barinas-participa-impulso-los-konukos-escolares-la-region\/","title":{"rendered":"Barinas participa en el impulso de los konukos escolares en la regi\u00f3n"},"content":{"rendered":"<p style=\"text-align: justify;\"><span style=\"font-family: Arial,sans-serif;\"><i>** <b>De la mano de compa\u00f1eros docentes y supervisores de la Zona educativa, programa Todas las Manos a la Siembra, Minppau, Misi\u00f3n Ribas y Misi\u00f3n Robinson 2 Productivo, asumen la tarea de impulsar los konukos escolares en el estado<\/b><\/i><\/span><\/p>\n<p style=\"text-align: justify;\">\u00a0<\/p>\n<p style=\"text-align: justify;\">\n <!--more--><\/p>\n<p>&nbsp;<\/p>\n<p style=\"text-align: justify;\"><span style=\"font-family: Arial,sans-serif;\"><b>Prensa Inces Barinas.-<\/b> El proyecto tiene la ambiciosa meta de establecer 20.000 konukos escolares en la entidad llanera, donde el punto de acci\u00f3n del Inces Barinas se centra en el circuito 4.16 en la parroquia R\u00f3mulo Betancourt, adem\u00e1s de las parroquias Ram\u00f3n Ignacio M\u00e9ndez, San Silvestre, Coraz\u00f3n de Jes\u00fas y El Carmen. <\/span><\/p>\n<p style=\"text-align: justify;\"><img loading=\"lazy\" decoding=\"async\" class=\"size-full wp-image-11778 aligncenter\" src=\"http:\/\/www.inces.gob.ve\/wp-content\/uploads\/2018\/02\/2-Manos-a-la-Siembra.jpg\" alt=\"\" width=\"850\" height=\"510\" \/><br \/>\n <span style=\"font-family: Arial,sans-serif;\">Magalis Noguera, coordinadora del Programa Agr\u00edcola, inform\u00f3 que actualmente se est\u00e1n desarrollando dos tipos de abordaje, el primero consiste en brindar acompa\u00f1amiento a las instituciones educativas visitadas el pasado a\u00f1o 2017, (las cuales ya iniciaron el proceso de siembra), para determinar sus fortalezas y debilidades y conscientiz\u00e1ndolos en relaci\u00f3n a la producci\u00f3n y a la forma en que deben tributar al Programa de Alimentaci\u00f3n Escolar (PAE) y el segundo, consiste en realizar formaciones en las instituciones a nivel de cada circuito escolar en temas relacionados al cultivo agroecol\u00f3gico, as\u00ed como tambi\u00e9n para tomar en consideraci\u00f3n el espacio de terreno con el que cuentan, para estimar qu\u00e9 rubros pueden ser sembrados y cu\u00e1l ser\u00eda la producci\u00f3n aproximada a esperar.<\/span><\/p>\n<p style=\"text-align: justify;\">\u00a0<\/p>\n<p style=\"text-align: justify;\"><span style=\"font-family: Arial,sans-serif;\">Todos esto se esta realizando con el fin de fortalecer la autogesti\u00f3n del PAE, as\u00ed como tambi\u00e9n la cultura agroproductiva en nuestros estudiantes, docentes, personal administrativo y obrero, en cada plantel educativo, educando con valores y de forma integral, para que los mismos tambi\u00e9n sean multiplicadores en sus espacios de convivencia comunal y familiar y as\u00ed fortalecer la soberan\u00eda alimentaria y el nuevo modelo econ\u00f3mico socialista.<img loading=\"lazy\" decoding=\"async\" class=\"alignnone size-full wp-image-11777\" src=\"http:\/\/www.inces.gob.ve\/wp-content\/uploads\/2018\/02\/1-Manos-a-la-Siembra.jpg\" alt=\"\" width=\"850\" height=\"510\" \/><\/span><\/p>\n<p style=\"text-align: justify;\">\u00a0<\/p>\n<p style=\"text-align: justify;\"><span style=\"font-family: Arial,sans-serif;\">Hirasyanel Bayona<\/span><\/p>\n<p style=\"text-align: justify;\">\u00a0<\/p>\n<p style=\"text-align: justify;\">\u00a0<\/p>\n<p>&nbsp;<\/p>\n<p>&nbsp;<\/p>\n<p>&nbsp;<\/p>\n<p>&nbsp;<\/p>\n","protected":false},"excerpt":{"rendered":"<p>** De la mano de compa\u00f1eros docentes y supervisores de la Zona educativa, programa Todas las Manos a la Siembra, Minppau, Misi\u00f3n Ribas y Misi\u00f3n Robinson 2 Productivo, asumen la tarea de impulsar los konukos escolares en el estado \u00a0<\/p>\n","protected":false},"author":15,"featured_media":11777,"comment_status":"closed","ping_status":"closed","sticky":false,"template":"","format":"aside","meta":{"footnotes":""},"categories":[2],"tags":[],"class_list":["post-11776","post","type-post","status-publish","format-aside","has-post-thumbnail","hentry","category-blog","post_format-post-format-aside"],"_links":{"self":[{"href":"https:\/\/inces.gob.ve\/index.php\/wp-json\/wp\/v2\/posts\/11776","targetHints":{"allow":["GET"]}}],"collection":[{"href":"https:\/\/inces.gob.ve\/index.php\/wp-json\/wp\/v2\/posts"}],"about":[{"href":"https:\/\/inces.gob.ve\/index.php\/wp-json\/wp\/v2\/types\/post"}],"author":[{"embeddable":true,"href":"https:\/\/inces.gob.ve\/index.php\/wp-json\/wp\/v2\/users\/15"}],"replies":[{"embeddable":true,"href":"https:\/\/inces.gob.ve\/index.php\/wp-json\/wp\/v2\/comments?post=11776"}],"version-history":[{"count":0,"href":"https:\/\/inces.gob.ve\/index.php\/wp-json\/wp\/v2\/posts\/11776\/revisions"}],"wp:featuredmedia":[{"embeddable":true,"href":"https:\/\/inces.gob.ve\/index.php\/wp-json\/"}],"wp:attachment":[{"href":"https:\/\/inces.gob.ve\/index.php\/wp-json\/wp\/v2\/media?parent=11776"}],"wp:term":[{"taxonomy":"category","embeddable":true,"href":"https:\/\/inces.gob.ve\/index.php\/wp-json\/wp\/v2\/categories?post=11776"},{"taxonomy":"post_tag","embeddable":true,"href":"https:\/\/inces.gob.ve\/index.php\/wp-json\/wp\/v2\/tags?post=11776"}],"curies":[{"name":"wp","href":"https:\/\/api.w.org\/{rel}","templated":true}]}}