{"id":11791,"date":"2018-02-02T14:56:13","date_gmt":"2018-02-02T20:56:13","guid":{"rendered":"http:\/\/www.inces.gob.ve\/?p=11791"},"modified":"2018-02-02T14:56:13","modified_gmt":"2018-02-02T20:56:13","slug":"la-dem-dicta-taller-tratamiento-delitos-menos-graves-participantes-unidades-educativas-inces","status":"publish","type":"post","link":"https:\/\/inces.gob.ve\/index.php\/2018\/02\/02\/la-dem-dicta-taller-tratamiento-delitos-menos-graves-participantes-unidades-educativas-inces\/","title":{"rendered":"La DEM dicta taller sobre tratamiento de delitos menos graves a participantes de unidades educativas Inces"},"content":{"rendered":"<p style=\"text-align: justify;\"><span style=\"font-family: Arial,sans-serif;\"><i><b>** Se asegura que contamos con una Constituci\u00f3n absolutamente proteccionista del ciudadano<\/b><\/i><\/span><\/p>\n<p style=\"text-align: justify;\">\n <!--more--><\/p>\n<p>&nbsp;<\/p>\n<p style=\"text-align: justify;\"><span style=\"font-family: Arial,sans-serif;\">Prensa Inces Sede.-Enmarcado en el plan de formaci\u00f3n integral que el Instituto Nacional de Capacitaci\u00f3n y Educaci\u00f3n Socialista (Inces) se ha propuesto en beneficio de su base de educandos a nivel nacional, se llev\u00f3 a cabo en esta oportunidad, como un plan piloto y dirigido en este caso a 200 cursantes del Bachillerato Productivo localizados en el Distrito Capital, un taller denominado \u201cSuspensi\u00f3n condicional del proceso, en el procedimiento especial para el juzgamiento de los delitos menos graves, para garantizar el desempe\u00f1o y supervisi\u00f3n del trabajo comunitario\u201d, dirigido por personal de la Direcci\u00f3n Ejecutiva de la Magistratura (DEM).<img loading=\"lazy\" decoding=\"async\" class=\"size-full wp-image-11792 aligncenter\" src=\"http:\/\/www.inces.gob.ve\/wp-content\/uploads\/2018\/02\/1delitos-menos-graves.jpg\" alt=\"\" width=\"850\" height=\"567\" \/> <\/span><\/p>\n<p style=\"text-align: justify;\">\u00a0<\/p>\n<p style=\"text-align: justify;\"><span style=\"font-family: Arial,sans-serif;\">Cabe resaltar que los delitos menos graves son, en la vida diaria, la absoluta mayor\u00eda de los delitos de acci\u00f3n p\u00fablica. Por ello el tema cont\u00f3 con gran aceptaci\u00f3n e inter\u00e9s por parte de la concurrencia.<\/span><\/p>\n<p style=\"text-align: justify;\">\u00a0<\/p>\n<p style=\"text-align: justify;\"><span style=\"font-family: Arial,sans-serif;\">La actividad fue promovida por la divisi\u00f3n de Ense\u00f1anza y Aprendizaje, adscrita a la Gerencia General de Formaci\u00f3n Profesional del instituto y los propios Consejos Estudiantiles de las unidades educativas de la regi\u00f3n capitalina.<\/span><\/p>\n<p style=\"text-align: justify;\">\n <img loading=\"lazy\" decoding=\"async\" class=\"size-full wp-image-11795 aligncenter\" src=\"http:\/\/www.inces.gob.ve\/wp-content\/uploads\/2018\/02\/4delitos-menos-graves.jpg\" alt=\"\" width=\"850\" height=\"567\" \/><\/p>\n<p style=\"text-align: justify;\"><span style=\"font-family: Arial,sans-serif;\">Orlando Gonz\u00e1lez abogado de la DEM nos coment\u00f3 que la iniciativa respondi\u00f3 a un programa de actividades de promoci\u00f3n, formaci\u00f3n y difusi\u00f3n que esta instancia judicial, a trav\u00e9s de la Oficina Regional de Atenci\u00f3n y Participaci\u00f3n Ciudadana, lleva adelante con el prop\u00f3sito de fortalecer los v\u00ednculos con las instituciones p\u00fablicas y privadas, as\u00ed como con las comunidades nacionales.<\/span><\/p>\n<p style=\"text-align: justify;\">\u00a0<\/p>\n<p style=\"text-align: justify;\"><span style=\"font-family: Arial,sans-serif;\">Los t\u00e9cnicos de Ense\u00f1anza y Aprendizaje del Inces dijeron que adelantan un ambicioso plan, donde esta actividad fungi\u00f3 como experiencia piloto con los cursantes del Bachillerato Productivo pero la visi\u00f3n a futuro alcanzar\u00e1, tanto a los 24 estados del pa\u00eds, como al resto de los estudiantes Inces, es decir, participantes, aprendices y toda la juventud productiva.<img loading=\"lazy\" decoding=\"async\" class=\"size-full wp-image-11794 aligncenter\" src=\"http:\/\/www.inces.gob.ve\/wp-content\/uploads\/2018\/02\/3delitos-menos-graves.jpg\" alt=\"\" width=\"850\" height=\"567\" \/><\/span><\/p>\n<p style=\"text-align: justify;\"><span style=\"font-family: Arial,sans-serif;\">Dijo el invitado Francisco Vel\u00e1squez que iniciativas como \u00e9stas afianzan los lazos institucionales y favorecen a las comunidades, que son en definitiva el objeto y raz\u00f3n de la acci\u00f3n del Estado venezolano. <\/span><\/p>\n<p style=\"text-align: justify;\">\u00a0<\/p>\n<p style=\"text-align: justify;\"><span style=\"font-family: Arial,sans-serif;\">Richard Delgado como m\u00e1ximo representante de nuestra instituci\u00f3n reflexion\u00f3 en que \u201cla justicia debe servirnos para garantizar la paz y la paz es la base del desarrollo social. Al no haber paz, se genera injusticia\u201d.<img loading=\"lazy\" decoding=\"async\" class=\"size-full wp-image-11792 aligncenter\" src=\"http:\/\/www.inces.gob.ve\/wp-content\/uploads\/2018\/02\/1delitos-menos-graves.jpg\" alt=\"\" width=\"850\" height=\"567\" \/><\/span><\/p>\n<p style=\"text-align: justify;\"><span style=\"font-family: Arial,sans-serif;\">En su intervenci\u00f3n el facilitador Luis Decimavilla expres\u00f3 que nuestra actual Constituci\u00f3n Bolivariana de Venezuela es definitivamente proteccionista del ciudadano y que de ella deriva el C\u00f3digo Org\u00e1nico Procesal Penal que presume al involucrado como persona inocente hasta que se demuestre lo contrario y no como ocurr\u00eda anteriormente cuando el implicado se le consideraba, a priori, como culpable y deb\u00eda demostrar su inocencia. \u201cUna notable diferencia\u201d.<\/span><\/p>\n<p style=\"text-align: justify;\">\u00a0<\/p>\n<p style=\"text-align: justify;\"><span style=\"font-family: Arial,sans-serif;\">La lista de talleres o conversatorios que la DEM est\u00e1 presta a brindar, y que de hecho planifica ofrecer prontamente a la comunidad Inces, incluye t\u00edtulos como \u201cPrevenci\u00f3n del delito y la convivencia ciudadana\u201d; \u201cDerecho de la mujer a una vida libre de violencia\u201d; \u201cOrientaci\u00f3n \u00e9tico moral para la liberaci\u00f3n y fortalecimiento de la naci\u00f3n\u201d y \u201cDeberes y derechos del ni\u00f1o, ni\u00f1a y adolescente y el sistema penal de responsabiliad, entre otros.<\/span><\/p>\n<p style=\"text-align: justify;\">\u00a0<\/p>\n<p style=\"text-align: justify;\"><span style=\"font-family: Arial,sans-serif;\">Durante la din\u00e1mica comunicacional se desliz\u00f3 un mensaje que engloba mucho de la importancia social que conllevan estas iniciativas: \u201cEl trabajo en equipo es la capacidad de laborar juntos hacia una visi\u00f3n com\u00fan. Las capacidad de dirigir los logros individuales hacia los objetivos de la organizaci\u00f3n son el combustible que permite que la gente normal logra resultados poco comunes\u201d.<\/span><\/p>\n<p style=\"text-align: justify;\">\u00a0<\/p>\n<p style=\"text-align: justify;\"><span style=\"font-family: Arial,sans-serif;\">La actividad cont\u00f3 con la presencia de estudiantes de las unidades educativas y fue celebrada en el auditorio del edificio sede del Inces en Caracas, en horas vespertinas.<\/span><\/p>\n<p style=\"text-align: justify;\">\u00a0<\/p>\n<p style=\"text-align: justify;\"><span style=\"font-family: Arial,sans-serif;\">Ivaldo Rodr\u00edguez<\/span><\/p>\n<p style=\"text-align: justify;\"><span style=\"font-family: Arial,sans-serif;\">Prensa Inces sede<\/span><\/p>\n","protected":false},"excerpt":{"rendered":"<p>** Se asegura que contamos con una Constituci\u00f3n absolutamente proteccionista del ciudadano<\/p>\n","protected":false},"author":15,"featured_media":11794,"comment_status":"closed","ping_status":"closed","sticky":false,"template":"","format":"aside","meta":{"footnotes":""},"categories":[2],"tags":[],"class_list":["post-11791","post","type-post","status-publish","format-aside","has-post-thumbnail","hentry","category-blog","post_format-post-format-aside"],"_links":{"self":[{"href":"https:\/\/inces.gob.ve\/index.php\/wp-json\/wp\/v2\/posts\/11791","targetHints":{"allow":["GET"]}}],"collection":[{"href":"https:\/\/inces.gob.ve\/index.php\/wp-json\/wp\/v2\/posts"}],"about":[{"href":"https:\/\/inces.gob.ve\/index.php\/wp-json\/wp\/v2\/types\/post"}],"author":[{"embeddable":true,"href":"https:\/\/inces.gob.ve\/index.php\/wp-json\/wp\/v2\/users\/15"}],"replies":[{"embeddable":true,"href":"https:\/\/inces.gob.ve\/index.php\/wp-json\/wp\/v2\/comments?post=11791"}],"version-history":[{"count":0,"href":"https:\/\/inces.gob.ve\/index.php\/wp-json\/wp\/v2\/posts\/11791\/revisions"}],"wp:featuredmedia":[{"embeddable":true,"href":"https:\/\/inces.gob.ve\/index.php\/wp-json\/"}],"wp:attachment":[{"href":"https:\/\/inces.gob.ve\/index.php\/wp-json\/wp\/v2\/media?parent=11791"}],"wp:term":[{"taxonomy":"category","embeddable":true,"href":"https:\/\/inces.gob.ve\/index.php\/wp-json\/wp\/v2\/categories?post=11791"},{"taxonomy":"post_tag","embeddable":true,"href":"https:\/\/inces.gob.ve\/index.php\/wp-json\/wp\/v2\/tags?post=11791"}],"curies":[{"name":"wp","href":"https:\/\/api.w.org\/{rel}","templated":true}]}}