{"id":11798,"date":"2018-02-05T07:03:18","date_gmt":"2018-02-05T13:03:18","guid":{"rendered":"http:\/\/www.inces.gob.ve\/?p=11798"},"modified":"2018-02-05T07:03:18","modified_gmt":"2018-02-05T13:03:18","slug":"inces-presenta-opciones-formativas-la-camara-hotelera-zulia","status":"publish","type":"post","link":"https:\/\/inces.gob.ve\/index.php\/2018\/02\/05\/inces-presenta-opciones-formativas-la-camara-hotelera-zulia\/","title":{"rendered":"Inces presenta sus opciones formativas a la C\u00e1mara Hotelera en el Zulia"},"content":{"rendered":"<p class=\"western\" style=\"text-align: justify;\" align=\"justify\"><span style=\"font-family: Arial,sans-serif;\"><i>**<u> <\/u><b>La instituci\u00f3n puso a disposici\u00f3n de la organizaci\u00f3n hotelera m\u00e1s de 500 cursos y el Programa Nacional de Aprendizaje (PNA)<\/b><\/i><\/span><\/p>\n<p align=\"justify\">\u00a0<\/p>\n<p class=\"western\" style=\"text-align: justify;\" align=\"justify\"><!--more--><\/p>\n<p align=\"justify\">\u00a0<\/p>\n<p class=\"western\" style=\"text-align: justify;\" align=\"justify\"><span style=\"font-family: Arial,sans-serif;\"><b>Prensa Inces. Zulia.<\/b>&#8211; Representantes del Instituto Nacional de Capacitaci\u00f3n y Educaci\u00f3n Socialista (Inces) sostuvieron una reuni\u00f3n con los miembros de la C\u00e1mara Hotelera de la regi\u00f3n, presidida por Jos\u00e9 Chamy, con la finalidad de presentar la programaci\u00f3n ordinaria de las opciones formativas de este 2018, vinculadas a los motores productivos de la agenda econ\u00f3mica de pa\u00eds. La actividad se realiz\u00f3 en uno de los salones del Hotel Kristoff, ubicado en Maracaibo. <\/span><\/p>\n<p class=\"western\" style=\"text-align: justify;\" align=\"justify\"><img loading=\"lazy\" decoding=\"async\" class=\"size-full wp-image-11800 aligncenter\" src=\"http:\/\/www.inces.gob.ve\/wp-content\/uploads\/2018\/02\/2opciones-formativas.jpg\" alt=\"\" width=\"780\" height=\"615\" \/><\/p>\n<p class=\"western\" style=\"text-align: justify;\" align=\"justify\"><span style=\"font-family: Arial,sans-serif;\">La coordinadora del programa Turismo del Inces, B\u00e1rbara Molina, explic\u00f3 a los presentes que el organismo cuenta con m\u00e1s de 500 cursos disponibles para los trabajadores (as) e hizo hincapi\u00e9 sobre los relacionados al Motor Turismo, los cuales beneficiar\u00edan al sector hotelero. <\/span><\/p>\n<p align=\"justify\">\u00a0<\/p>\n<p class=\"western\" style=\"text-align: justify;\" align=\"justify\"><span style=\"font-family: Arial,sans-serif;\">Del mismo modo, les record\u00f3 el compromiso que cada entidad de trabajo tiene con el Programa Nacional de Aprendizaje (PNA), programa que permite que los j\u00f3venes, menores de edad, obtengan su primer empleo, gracias al aporte econ\u00f3mico que, por obligaci\u00f3n, deben cumplir las empresas privadas y p\u00fablicas, as\u00ed lo establece la Ley del Inces. <\/span><\/p>\n<p align=\"justify\">\u00a0<\/p>\n<p class=\"western\" style=\"text-align: justify;\" align=\"justify\"><span style=\"font-family: Arial,sans-serif;\">Molina indic\u00f3 en su intervenci\u00f3n que a trav\u00e9s del PNA es posible formar a j\u00f3venes en el \u00e1rea vinculada a las labores que se ejecutan en los hoteles y uno de esos cursos es el Servicio Operador Restaurante y a\u00f1adi\u00f3 que pr\u00f3ximamente se establecer\u00e1n mesas de trabajo para crear la matriz integral de otro denominado: Servicio Operador de Alojamiento de Habitaci\u00f3n y Recepci\u00f3n; ocupaci\u00f3n que tambi\u00e9n responde a las necesidades de este sector. <\/span><\/p>\n<p align=\"justify\">\u00a0<\/p>\n<p class=\"western\" style=\"text-align: justify;\" align=\"justify\"><span style=\"font-family: Arial,sans-serif;\">Esto es posible, gracias a las reformas que el presidente del Inces, Wuikelman Angel Paredes, realiz\u00f3 al programa, pues en otras \u00e9pocas, las formaciones por lo general no respond\u00edan a las necesidades de las entidades de trabajo. <\/span><\/p>\n<p class=\"western\" style=\"text-align: justify;\" align=\"justify\"><img loading=\"lazy\" decoding=\"async\" class=\"size-full wp-image-11799 aligncenter\" src=\"http:\/\/www.inces.gob.ve\/wp-content\/uploads\/2018\/02\/1opciones-formativas.jpg\" alt=\"\" width=\"850\" height=\"638\" \/><\/p>\n<p class=\"western\" style=\"text-align: justify;\" align=\"justify\"><span style=\"font-family: Arial,sans-serif;\">En la reuni\u00f3n estuvieron presentes, el alcalde de Maracaibo, Willy Casanova, representantes de la gobernaci\u00f3n del Zulia, de la direcci\u00f3n de Turismo de la alcald\u00eda de Maracaibo, de Inatur y los propietarios de reconocidos hoteles de la regi\u00f3n zuliana. <\/span><\/p>\n<p align=\"justify\">\u00a0<\/p>\n<p class=\"western\" style=\"text-align: justify;\" align=\"justify\"><span style=\"font-family: Arial,sans-serif;\">Para finalizar, Molina recalc\u00f3 que a trav\u00e9s del programa Tecnolog\u00eda Educativa de la instituci\u00f3n es posible la acreditaci\u00f3n de conocimientos por experiencias en ejercicio de los trabajadores (as) que as\u00ed lo requieran con la finalidad de certificar que poseen habilidades y destrezas sobre el oficio que ejercen o ejercer\u00e1n. <\/span><\/p>\n<p align=\"justify\">\u00a0<\/p>\n<p class=\"western\" style=\"text-align: justify;\" align=\"justify\"><span style=\"font-family: Arial,sans-serif;\">T\/ Yudith Castro<\/span><\/p>\n","protected":false},"excerpt":{"rendered":"<p>** La instituci\u00f3n puso a disposici\u00f3n de la organizaci\u00f3n hotelera m\u00e1s de 500 cursos y el Programa Nacional de Aprendizaje (PNA) \u00a0<\/p>\n","protected":false},"author":15,"featured_media":11799,"comment_status":"closed","ping_status":"closed","sticky":false,"template":"","format":"aside","meta":{"footnotes":""},"categories":[2],"tags":[],"class_list":["post-11798","post","type-post","status-publish","format-aside","has-post-thumbnail","hentry","category-blog","post_format-post-format-aside"],"_links":{"self":[{"href":"https:\/\/inces.gob.ve\/index.php\/wp-json\/wp\/v2\/posts\/11798","targetHints":{"allow":["GET"]}}],"collection":[{"href":"https:\/\/inces.gob.ve\/index.php\/wp-json\/wp\/v2\/posts"}],"about":[{"href":"https:\/\/inces.gob.ve\/index.php\/wp-json\/wp\/v2\/types\/post"}],"author":[{"embeddable":true,"href":"https:\/\/inces.gob.ve\/index.php\/wp-json\/wp\/v2\/users\/15"}],"replies":[{"embeddable":true,"href":"https:\/\/inces.gob.ve\/index.php\/wp-json\/wp\/v2\/comments?post=11798"}],"version-history":[{"count":0,"href":"https:\/\/inces.gob.ve\/index.php\/wp-json\/wp\/v2\/posts\/11798\/revisions"}],"wp:featuredmedia":[{"embeddable":true,"href":"https:\/\/inces.gob.ve\/index.php\/wp-json\/"}],"wp:attachment":[{"href":"https:\/\/inces.gob.ve\/index.php\/wp-json\/wp\/v2\/media?parent=11798"}],"wp:term":[{"taxonomy":"category","embeddable":true,"href":"https:\/\/inces.gob.ve\/index.php\/wp-json\/wp\/v2\/categories?post=11798"},{"taxonomy":"post_tag","embeddable":true,"href":"https:\/\/inces.gob.ve\/index.php\/wp-json\/wp\/v2\/tags?post=11798"}],"curies":[{"name":"wp","href":"https:\/\/api.w.org\/{rel}","templated":true}]}}