{"id":11908,"date":"2018-02-08T11:54:43","date_gmt":"2018-02-08T17:54:43","guid":{"rendered":"http:\/\/www.inces.gob.ve\/?p=11908"},"modified":"2018-02-08T11:54:43","modified_gmt":"2018-02-08T17:54:43","slug":"carabobo-impartira-formacion-la-clase-trabajadora-corpocentro","status":"publish","type":"post","link":"https:\/\/inces.gob.ve\/index.php\/2018\/02\/08\/carabobo-impartira-formacion-la-clase-trabajadora-corpocentro\/","title":{"rendered":"Carabobo impartir\u00e1 formaci\u00f3n a la clase trabajadora de Corpocentro"},"content":{"rendered":"<p style=\"text-align: justify;\" align=\"justify\"><span style=\"font-family: Arial,sans-serif;\"><i><b>** Se logr\u00f3 una excelente alianza formativa que abre el ofrecimiento de m\u00e1s cursos<\/b><\/i><\/span><\/p>\n<p style=\"text-align: justify;\" align=\"justify\">\u00a0<\/p>\n<p style=\"text-align: justify;\" align=\"justify\"><!--more--><\/p>\n<p align=\"justify\">\u00a0<\/p>\n<p style=\"text-align: justify;\" align=\"justify\"><span style=\"font-family: Arial,sans-serif;\"><b>Prensa Inces Carabobo<\/b>.- A trav\u00e9s de la Divisi\u00f3n de Formaci\u00f3n Profesional y la unidad de Formaci\u00f3n a Entidades de Trabajo, el Instituto Nacional de Capacitaci\u00f3n y Educaci\u00f3n Socialista Inces en Carabobo, se encargar\u00e1 de formar a la clase trabajadora de Corpocentro en el estado. <\/span><\/p>\n<p style=\"text-align: justify;\" align=\"justify\"><img loading=\"lazy\" decoding=\"async\" class=\"size-full wp-image-11910 aligncenter\" src=\"http:\/\/www.inces.gob.ve\/wp-content\/uploads\/2018\/02\/2trabajadora-de-Corpocentro.jpg\" alt=\"\" width=\"850\" height=\"638\" \/><\/p>\n<p style=\"text-align: justify;\" align=\"justify\"><span style=\"font-family: Arial,sans-serif;\"> Con el prop\u00f3sito de mejorar la calidad en el servicio al cliente y dar oportunidad dentro del espacio laboral al crecimiento personal y profesional de los trabajadores de la Corporaci\u00f3n de Desarrollo de la Regi\u00f3n Central (<\/span><em><span style=\"font-family: Arial,sans-serif;\">Corpocentro<\/span><\/em><span style=\"font-family: Arial,sans-serif;\">), se logr\u00f3 una excelente alianza formativa con el Inces que adem\u00e1s de ofrecer cursos, realizar\u00e1 la caracterizaci\u00f3n con el fin de valorar, tanto los saberes emp\u00edricos, como acad\u00e9micos del personal. As\u00ed lo dio a conocer Carlos Guariato coordinador de la unidad de Formaci\u00f3n en entidad de trabajo del Inces.<\/span><\/p>\n<p style=\"text-align: justify;\" align=\"justify\"><img loading=\"lazy\" decoding=\"async\" class=\"size-full wp-image-11909 aligncenter\" src=\"http:\/\/www.inces.gob.ve\/wp-content\/uploads\/2018\/02\/1trabajadora-de-Corpocentro.jpg\" alt=\"\" width=\"850\" height=\"638\" \/><\/p>\n<p style=\"text-align: justify;\" align=\"justify\"><span style=\"font-family: Arial,sans-serif;\">Mar\u00eda Celis Lira, jefa de Formaci\u00f3n Profesional enfatiz\u00f3 que iniciar\u00e1n las formaciones con los cursos de Higiene y Seguridad Ocupacional y Desarrollo Humano, simult\u00e1neamente la gerencia de Tecnolog\u00eda Educativa evaluar\u00e1 al personal que manifieste saberes emp\u00edricos y acad\u00e9micos iniciando de esta manera con las evaluaciones para dar arranque a las acreditaciones en los oficios requeridos.<\/span><\/p>\n<p style=\"text-align: justify;\" align=\"justify\">\u00a0<\/p>\n<p style=\"text-align: justify;\" align=\"justify\"><span style=\"font-family: Arial,sans-serif;\">T\/Nathalie G\u00f3mez.- <\/span><\/p>\n<p align=\"justify\">\u00a0<\/p>\n","protected":false},"excerpt":{"rendered":"<p>** Se logr\u00f3 una excelente alianza formativa que abre el ofrecimiento de m\u00e1s cursos \u00a0<\/p>\n","protected":false},"author":15,"featured_media":11909,"comment_status":"closed","ping_status":"closed","sticky":false,"template":"","format":"aside","meta":{"footnotes":""},"categories":[2],"tags":[],"class_list":["post-11908","post","type-post","status-publish","format-aside","has-post-thumbnail","hentry","category-blog","post_format-post-format-aside"],"_links":{"self":[{"href":"https:\/\/inces.gob.ve\/index.php\/wp-json\/wp\/v2\/posts\/11908","targetHints":{"allow":["GET"]}}],"collection":[{"href":"https:\/\/inces.gob.ve\/index.php\/wp-json\/wp\/v2\/posts"}],"about":[{"href":"https:\/\/inces.gob.ve\/index.php\/wp-json\/wp\/v2\/types\/post"}],"author":[{"embeddable":true,"href":"https:\/\/inces.gob.ve\/index.php\/wp-json\/wp\/v2\/users\/15"}],"replies":[{"embeddable":true,"href":"https:\/\/inces.gob.ve\/index.php\/wp-json\/wp\/v2\/comments?post=11908"}],"version-history":[{"count":0,"href":"https:\/\/inces.gob.ve\/index.php\/wp-json\/wp\/v2\/posts\/11908\/revisions"}],"wp:featuredmedia":[{"embeddable":true,"href":"https:\/\/inces.gob.ve\/index.php\/wp-json\/"}],"wp:attachment":[{"href":"https:\/\/inces.gob.ve\/index.php\/wp-json\/wp\/v2\/media?parent=11908"}],"wp:term":[{"taxonomy":"category","embeddable":true,"href":"https:\/\/inces.gob.ve\/index.php\/wp-json\/wp\/v2\/categories?post=11908"},{"taxonomy":"post_tag","embeddable":true,"href":"https:\/\/inces.gob.ve\/index.php\/wp-json\/wp\/v2\/tags?post=11908"}],"curies":[{"name":"wp","href":"https:\/\/api.w.org\/{rel}","templated":true}]}}