{"id":11957,"date":"2018-02-09T09:21:43","date_gmt":"2018-02-09T15:21:43","guid":{"rendered":"http:\/\/www.inces.gob.ve\/?p=11957"},"modified":"2018-02-09T09:21:43","modified_gmt":"2018-02-09T15:21:43","slug":"inces-trujillo-presente-1er-encuentro-jovenes-productores","status":"publish","type":"post","link":"https:\/\/inces.gob.ve\/index.php\/2018\/02\/09\/inces-trujillo-presente-1er-encuentro-jovenes-productores\/","title":{"rendered":"Inces Trujillo presente durante 1er Encuentro de J\u00f3venes Productores"},"content":{"rendered":"<p style=\"text-align: justify;\"><strong><em>***La ETA \u201cAdolfo Navas Coronado\u201d, sirvi\u00f3 de escenario para una gran exposici\u00f3n de conocimientos agropecuarios ante muchachos de distintas instituciones<\/em><\/strong><!--more--><\/p>\n<p align=\"justify\">\u00a0<\/p>\n<p style=\"text-align: justify;\" align=\"justify\"><strong>Prensa Inces Trujillo.-<\/strong> Con el fin de seguir impulsando el motor agricultor en la regi\u00f3n andina, el Instituto Nacional de Capacitaci\u00f3n y Educaci\u00f3n Socialista particip\u00f3 en el 1er \u201cEncuentro de J\u00f3venes Productores\u201d convocado por el Instituto Trujillano de la Juventud, para presentar a la ciudadan\u00eda los diversos proyectos sostenibles que se manejan en la actualidad bajo los lineamientos del Presidente de la Rep\u00fablica Nicol\u00e1s Maduro.<\/p>\n<p align=\"justify\">\u00a0<\/p>\n<p style=\"text-align: justify;\" align=\"justify\">La Fundaci\u00f3n Ciara, el Instituto Nacional de los Espacios Acu\u00e1ticos (Inea) y el Fondo para el Desarrollo Agrario Socialista (Fondas), estuvieron a cargo de exponer a la juventud trujillana en las instalaciones de la Escuela T\u00e9cnica Agropecuaria \u201cAdolfo Navas Coronado\u201d, del municipio Pampanito, los planes desarrollados en el \u00e1mbito de la agricultura, as\u00ed como los resultados que se han obtenido luego de su aplicaci\u00f3n.<\/p>\n<p align=\"justify\">\u00a0<\/p>\n<p align=\"justify\"><img loading=\"lazy\" decoding=\"async\" class=\"size-full wp-image-11958 aligncenter\" src=\"http:\/\/www.inces.gob.ve\/wp-content\/uploads\/2018\/02\/DSC06883.jpg\" alt=\"\" width=\"6016\" height=\"3384\" \/><\/p>\n<p align=\"justify\">\u00a0<\/p>\n<p style=\"text-align: justify;\" align=\"justify\">Cabe mencionar que las ponencias realizadas fueron: el \u201cPlan T\u00e1ctico de Acompa\u00f1amiento Integral\u201d, \u201cUtilidad de las Semillas\u201d, \u201cPlan Nacional de Producci\u00f3n y Distribuci\u00f3n Agrourbana y Periurbana\u201d, y la \u201cAgricultura Urbana\u201d, esta \u00faltima realizada por la facilitadora del Inces Trujillo, Alfonsina Montilla, quien ense\u00f1\u00f3 a los presentes los trabajos y avances de la Base Agr\u00edcola \u201cManos a la Siembra por la Revoluci\u00f3n\u201d, ubicada en el municipio San Rafael de Carvajal, la cual es el vivo ejemplo de una buena producci\u00f3n.<\/p>\n<p align=\"justify\">\u00a0<\/p>\n<p style=\"text-align: justify;\" align=\"justify\">Durante este \u201cEncuentro de J\u00f3venes Productores\u201d, estuvieron presentes Francisco Garc\u00eda, presidente del Instituto Trujillano de la Juventud (ITJ); y Katiuska Carrillo, en representaci\u00f3n del Inces, quienes junto a integrantes de las dem\u00e1s entidades entregaron certificados de participaci\u00f3n a los m\u00e1s de 50 muchachos que asistieron y que conformaban al Plan Chamba Juvenil, el Programa Nacional de Aprendizaje y a la Universidad Nacional Experimental Polit\u00e9cnica de la Fuerza Armada Nacional (Unefa).<\/p>\n<p align=\"justify\">\u00a0<\/p>\n<p style=\"text-align: justify;\" align=\"justify\">Finalmente, Garc\u00eda, presidente del ITJ agradeci\u00f3 el aporte de las distintas instituciones que se han preocupado por crear espacios de cultivo para ense\u00f1ar planes sustentables a los m\u00e1s j\u00f3venes. Igualmente, el Inces Trujillo gerenciado por la licenciada Ang\u00e9lica Mor\u00f3n con esta asistencia demostr\u00f3 que sigue avanzado con su lema de Formar Produciendo-Producir Formando para superar cualquier obst\u00e1culo que presente la guerra econ\u00f3mica.<\/p>\n<p align=\"justify\">\u00a0<\/p>\n<p style=\"text-align: justify;\"><strong>T\/ G\u00e9nesis Camacho<\/strong><\/p>\n","protected":false},"excerpt":{"rendered":"<p>***La ETA \u201cAdolfo Navas Coronado\u201d, sirvi\u00f3 de escenario para una gran exposici\u00f3n de conocimientos agropecuarios ante muchachos de distintas instituciones<\/p>\n","protected":false},"author":4,"featured_media":11959,"comment_status":"closed","ping_status":"closed","sticky":false,"template":"","format":"aside","meta":{"footnotes":""},"categories":[2],"tags":[],"class_list":["post-11957","post","type-post","status-publish","format-aside","has-post-thumbnail","hentry","category-blog","post_format-post-format-aside"],"_links":{"self":[{"href":"https:\/\/inces.gob.ve\/index.php\/wp-json\/wp\/v2\/posts\/11957","targetHints":{"allow":["GET"]}}],"collection":[{"href":"https:\/\/inces.gob.ve\/index.php\/wp-json\/wp\/v2\/posts"}],"about":[{"href":"https:\/\/inces.gob.ve\/index.php\/wp-json\/wp\/v2\/types\/post"}],"author":[{"embeddable":true,"href":"https:\/\/inces.gob.ve\/index.php\/wp-json\/wp\/v2\/users\/4"}],"replies":[{"embeddable":true,"href":"https:\/\/inces.gob.ve\/index.php\/wp-json\/wp\/v2\/comments?post=11957"}],"version-history":[{"count":0,"href":"https:\/\/inces.gob.ve\/index.php\/wp-json\/wp\/v2\/posts\/11957\/revisions"}],"wp:featuredmedia":[{"embeddable":true,"href":"https:\/\/inces.gob.ve\/index.php\/wp-json\/"}],"wp:attachment":[{"href":"https:\/\/inces.gob.ve\/index.php\/wp-json\/wp\/v2\/media?parent=11957"}],"wp:term":[{"taxonomy":"category","embeddable":true,"href":"https:\/\/inces.gob.ve\/index.php\/wp-json\/wp\/v2\/categories?post=11957"},{"taxonomy":"post_tag","embeddable":true,"href":"https:\/\/inces.gob.ve\/index.php\/wp-json\/wp\/v2\/tags?post=11957"}],"curies":[{"name":"wp","href":"https:\/\/api.w.org\/{rel}","templated":true}]}}