{"id":11978,"date":"2018-02-09T12:21:34","date_gmt":"2018-02-09T18:21:34","guid":{"rendered":"http:\/\/www.inces.gob.ve\/?p=11978"},"modified":"2018-02-09T12:21:34","modified_gmt":"2018-02-09T18:21:34","slug":"jovenes-barineses-se-forman-carpinteria","status":"publish","type":"post","link":"https:\/\/inces.gob.ve\/index.php\/2018\/02\/09\/jovenes-barineses-se-forman-carpinteria\/","title":{"rendered":"J\u00f3venes barineses se forman en Carpinter\u00eda"},"content":{"rendered":"<p style=\"text-align: justify;\"><em><strong><span style=\"font-family: Arial,sans-serif;\">Desde los talleres de Inces Barinas se forma la juventud productiva en el oficio de la Carpinter\u00eda B\u00e1sica, misma que tiene como finalidad ofrecer una herramienta de incorporaci\u00f3n laboral en la lucha econ\u00f3mica y el impulso del Motor Industria<\/span><\/strong><\/em><\/p>\n<p style=\"text-align: justify;\">\n <!--more--><\/p>\n<p style=\"text-align: justify;\"><span style=\"font-family: Arial,sans-serif;\">Durante el proceso formativo, inform\u00f3 Duenis Tafur, maestro t\u00e9cnico productivo (MTP) que orienta su desarrollo, los j\u00f3venes previo conocimiento de las normas de seguridad y de protecci\u00f3n del medio ambiente, se prepararan con ejercicios simples en el manejo de maquinarias como sierra circular, sierra radial, sierra ingletadora, sierra cinta, torno y trompo (tupi), as\u00ed como tambi\u00e9n en manejo adecuado de herramientas manuales y el\u00e9ctricas, entre las que se puede mencionar el cepillo lijadora el\u00e9ctricos, trompos prensadores y taladros; <\/span><\/p>\n<p style=\"text-align: justify;\"><img loading=\"lazy\" decoding=\"async\" class=\"size-full wp-image-11980 aligncenter\" src=\"http:\/\/www.inces.gob.ve\/wp-content\/uploads\/2018\/02\/2Carpinter\u00eda.jpg\" alt=\"\" width=\"850\" height=\"946\" \/>\n <\/p>\n<p style=\"text-align: justify;\"><span style=\"font-family: Arial,sans-serif;\">Luego prosiguen con la elaboraci\u00f3n de diversos muebles como juegos de cuarto, comedor, cocinas empotradas, bibliotecas, estanter\u00edas, puertas empotradas y paneladas as\u00ed como accesorios, teniendo en cuenta el cuidado apropiado de la materia prima y su acabado.<\/span><\/p>\n<p style=\"text-align: justify;\"><img loading=\"lazy\" decoding=\"async\" class=\"size-full wp-image-11981 aligncenter\" src=\"http:\/\/www.inces.gob.ve\/wp-content\/uploads\/2018\/02\/3Carpinter\u00eda.jpg\" alt=\"\" width=\"850\" height=\"930\" \/>\n <\/p>\n<p style=\"text-align: justify;\"><span style=\"font-family: Arial,sans-serif;\">Inform\u00f3 Tafur que el material con el que se trabaja est\u00e1 representado por laminados de distintos grosores desde MDF hasta compuestos y madera, de la cual, 60% de la que se usa es madera recuperada, por lo que tambi\u00e9n se impulsa durante la formaci\u00f3n el reh\u00faso de materiales en pro de combatir los altos costos y de contribuir con el cuido ambiental.<\/span><\/p>\n<p style=\"text-align: justify;\">\n <\/p>\n<p style=\"text-align: justify;\"><span style=\"font-family: Arial,sans-serif;\">La formaci\u00f3n en Carpinter\u00eda b\u00e1sica tiene como objetivo primordial proporcionar herramientas a los sujetos que les permitan impulsar iniciativas socioproductivas, solucionar problemas de la sociedad a trav\u00e9s de una formaci\u00f3n consciente y liberadora, lo cual les permitir\u00e1 desarrollar habilidades y destrezas para fabricar bienes (ayudas t\u00e9cnicas, mesa sillas y otros), <\/span><\/p>\n<p style=\"text-align: justify;\">\n <img loading=\"lazy\" decoding=\"async\" class=\"size-full wp-image-11979 aligncenter\" src=\"http:\/\/www.inces.gob.ve\/wp-content\/uploads\/2018\/02\/1Carpinter\u00eda.jpg\" alt=\"\" width=\"850\" height=\"510\" \/><\/p>\n<p style=\"text-align: justify;\"><span style=\"font-family: Arial,sans-serif;\">Se pretende que los cursantes acudan al encadenamiento productivo, su ingenio, creatividad, haciendo uso de herramientas sencillas desde sus propios espacios, lo que pueda convertirlos en corto plazo, en un medio de producci\u00f3n y multiplicaci\u00f3n de saberes en sus comunidades. <\/span><\/p>\n<p style=\"text-align: justify;\">\n <\/p>\n<p style=\"text-align: justify;\"><span style=\"font-family: Arial,sans-serif;\">Hirasyanel Bayona\/Comunicaciones Inces Barinas<\/span><\/p>\n","protected":false},"excerpt":{"rendered":"<p>Desde los talleres de Inces Barinas se forma la juventud productiva en el oficio de la Carpinter\u00eda B\u00e1sica, misma que tiene como finalidad ofrecer una herramienta de incorporaci\u00f3n laboral en la lucha econ\u00f3mica y el impulso del Motor Industria<\/p>\n","protected":false},"author":15,"featured_media":11979,"comment_status":"closed","ping_status":"closed","sticky":false,"template":"","format":"aside","meta":{"footnotes":""},"categories":[2],"tags":[],"class_list":["post-11978","post","type-post","status-publish","format-aside","has-post-thumbnail","hentry","category-blog","post_format-post-format-aside"],"_links":{"self":[{"href":"https:\/\/inces.gob.ve\/index.php\/wp-json\/wp\/v2\/posts\/11978","targetHints":{"allow":["GET"]}}],"collection":[{"href":"https:\/\/inces.gob.ve\/index.php\/wp-json\/wp\/v2\/posts"}],"about":[{"href":"https:\/\/inces.gob.ve\/index.php\/wp-json\/wp\/v2\/types\/post"}],"author":[{"embeddable":true,"href":"https:\/\/inces.gob.ve\/index.php\/wp-json\/wp\/v2\/users\/15"}],"replies":[{"embeddable":true,"href":"https:\/\/inces.gob.ve\/index.php\/wp-json\/wp\/v2\/comments?post=11978"}],"version-history":[{"count":0,"href":"https:\/\/inces.gob.ve\/index.php\/wp-json\/wp\/v2\/posts\/11978\/revisions"}],"wp:featuredmedia":[{"embeddable":true,"href":"https:\/\/inces.gob.ve\/index.php\/wp-json\/"}],"wp:attachment":[{"href":"https:\/\/inces.gob.ve\/index.php\/wp-json\/wp\/v2\/media?parent=11978"}],"wp:term":[{"taxonomy":"category","embeddable":true,"href":"https:\/\/inces.gob.ve\/index.php\/wp-json\/wp\/v2\/categories?post=11978"},{"taxonomy":"post_tag","embeddable":true,"href":"https:\/\/inces.gob.ve\/index.php\/wp-json\/wp\/v2\/tags?post=11978"}],"curies":[{"name":"wp","href":"https:\/\/api.w.org\/{rel}","templated":true}]}}