{"id":12033,"date":"2018-02-14T08:42:49","date_gmt":"2018-02-14T14:42:49","guid":{"rendered":"http:\/\/www.inces.gob.ve\/?p=12033"},"modified":"2018-02-14T08:42:49","modified_gmt":"2018-02-14T14:42:49","slug":"dia-la-juventud-fue-conmemorado-inces-trujillo","status":"publish","type":"post","link":"https:\/\/inces.gob.ve\/index.php\/2018\/02\/14\/dia-la-juventud-fue-conmemorado-inces-trujillo\/","title":{"rendered":"D\u00eda de la Juventud fue conmemorado por el Inces Trujillo"},"content":{"rendered":"<p style=\"text-align: justify;\"><span style=\"font-family: Arial,sans-serif;\"><i><b>**Aprendices del PNA y estudiantes de la Unidad Educativa representaron al Inces durante Sesi\u00f3n Especial dedicada a la poblaci\u00f3n juvenil<\/b><\/i><\/span><\/p>\n<p>&nbsp;<\/p>\n<p style=\"text-align: justify;\"><!--more--><\/p>\n<p>&nbsp;<\/p>\n<p style=\"text-align: justify;\"><span style=\"font-family: Arial,sans-serif;\"><b>Prensa Inces Trujillo.-<\/b> Para conmemorar el D\u00eda de la Juventud que se celebra el pr\u00f3ximo 12 de febrero, el Consejo Legislativo del estado Trujillo (Clet) y el Instituto Trujillano de la Juventud (ITJ), invitaron a una Sesi\u00f3n Especial al Instituto Nacional de Capacitaci\u00f3n y Educaci\u00f3n Socialista (Inces), el cual en su larga trayectoria ha brindado apoyo a un sinn\u00famero de entidades que se dedican a la formaci\u00f3n de los m\u00e1s j\u00f3venes del pa\u00eds.<\/span><\/p>\n<p style=\"text-align: justify;\"><img loading=\"lazy\" decoding=\"async\" class=\"size-full wp-image-12034 aligncenter\" src=\"http:\/\/www.inces.gob.ve\/wp-content\/uploads\/2018\/02\/1Aprendices-del-PNA-.jpg\" alt=\"\" width=\"850\" height=\"478\" \/><\/p>\n<p style=\"text-align: justify;\"><span style=\"font-family: Arial,sans-serif;\">Las instalaciones del Foro Bolivariano de la ciudad de Valera, sirvieron en esta ocasi\u00f3n de escenario para que el Presidente del Clet, William Martorelli, en compa\u00f1\u00e1 de sus legisladores y el Gobernador del estado Trujillo Henry Rangel Silva; as\u00ed como el Presidente del ITJ, Francisco Garc\u00eda, hicieran entrega de reconocimientos a j\u00f3venes que se han encargado de dejar el nombre de la regi\u00f3n muy en alto.<\/span><\/p>\n<p style=\"text-align: justify;\"><span style=\"font-family: Arial,sans-serif;\">Ante esta celebraci\u00f3n el Inces Trujillo asisti\u00f3 representado por participantes de la Unidad Educativa y del Programa Nacional de Aprendizaje, quienes pudieron ser espectadores de excelentes muestras musicales y adem\u00e1s escucharon las palabras del Orador de Orden, Wilson Nava, quien a pesar de su corta edad es un ejemplo revolucionario que lucha e invita a luchar por el futuro del pa\u00eds a cada uno de los j\u00f3venes venezolanos.<img loading=\"lazy\" decoding=\"async\" class=\"size-full wp-image-12037 aligncenter\" src=\"http:\/\/www.inces.gob.ve\/wp-content\/uploads\/2018\/02\/4Aprendices-del-PNA-.jpg\" alt=\"\" width=\"850\" height=\"478\" \/><\/span><\/p>\n<p style=\"text-align: justify;\"><span style=\"font-family: Arial,sans-serif;\">Es importante mencionar que los galardonados del d\u00eda fueron los adolescentes: Jes\u00fas Valera, Steven Castrillon, junto a los luchadores Daniel Cruz y Liber Graterol; personajes que han dado la cara en el \u00e1rea deportiva, pol\u00edtica y social, para abrir puertas a la juventud trujillana.<\/span><\/p>\n<p style=\"text-align: justify;\"><img loading=\"lazy\" decoding=\"async\" class=\"size-full wp-image-12036 aligncenter\" src=\"http:\/\/www.inces.gob.ve\/wp-content\/uploads\/2018\/02\/3Aprendices-del-PNA-.jpg\" alt=\"\" width=\"850\" height=\"478\" \/><\/p>\n<p style=\"text-align: justify;\"><span style=\"font-family: Arial,sans-serif;\">Asimismo, durante la ceremonia el presidente del ITJ, Francisco Garc\u00eda, agradeci\u00f3 y enalteci\u00f3 la labor del Instituto Nacional de Capacitaci\u00f3n y Educaci\u00f3n Socialista del estado Trujillo, el cual ha trabajado en articulaci\u00f3n con dicha entidad para capacitar a j\u00f3venes trujillanos que han demostrador ser excelentes productores.<\/span><\/p>\n<p style=\"text-align: justify;\"><span style=\"font-family: Arial,sans-serif;\">Por su parte, el gobernador Rangel Silva, invit\u00f3 a seguir apoyando a la juventud y manifest\u00f3: \u201cNo debemos desanimarnos cuando no se alcanzan los objetivos, la fuerza de los j\u00f3venes le dar\u00e1 continuidad a todas la fuerzas bolivarianas\u201d.<\/span><\/p>\n<p style=\"text-align: justify;\"><img loading=\"lazy\" decoding=\"async\" class=\"size-full wp-image-12035 aligncenter\" src=\"http:\/\/www.inces.gob.ve\/wp-content\/uploads\/2018\/02\/2Aprendices-del-PNA-.jpg\" alt=\"\" width=\"850\" height=\"478\" \/><\/p>\n<p style=\"text-align: justify;\"><span style=\"font-family: Arial,sans-serif;\">A trav\u00e9s de esta participaci\u00f3n el Inces Trujillo quiso celebrar y tambi\u00e9n felicitar a la poblaci\u00f3n juvenil, ya que en la celebraci\u00f3n del 12 de febrero es importante reconocer los esfuerzos que ha hecho esta comunidad para que sigan las luchas revolucionarias en Venezuela y se respeten los derechos de todos y todas.<\/span><\/p>\n<p style=\"text-align: justify;\"><span style=\"font-family: Arial,sans-serif;\">T\/ G\u00e9nesis Camacho<\/span><\/p>\n","protected":false},"excerpt":{"rendered":"<p>**Aprendices del PNA y estudiantes de la Unidad Educativa representaron al Inces durante Sesi\u00f3n Especial dedicada a la poblaci\u00f3n juvenil &nbsp;<\/p>\n","protected":false},"author":15,"featured_media":12035,"comment_status":"closed","ping_status":"closed","sticky":false,"template":"","format":"aside","meta":{"footnotes":""},"categories":[2],"tags":[],"class_list":["post-12033","post","type-post","status-publish","format-aside","has-post-thumbnail","hentry","category-blog","post_format-post-format-aside"],"_links":{"self":[{"href":"https:\/\/inces.gob.ve\/index.php\/wp-json\/wp\/v2\/posts\/12033","targetHints":{"allow":["GET"]}}],"collection":[{"href":"https:\/\/inces.gob.ve\/index.php\/wp-json\/wp\/v2\/posts"}],"about":[{"href":"https:\/\/inces.gob.ve\/index.php\/wp-json\/wp\/v2\/types\/post"}],"author":[{"embeddable":true,"href":"https:\/\/inces.gob.ve\/index.php\/wp-json\/wp\/v2\/users\/15"}],"replies":[{"embeddable":true,"href":"https:\/\/inces.gob.ve\/index.php\/wp-json\/wp\/v2\/comments?post=12033"}],"version-history":[{"count":0,"href":"https:\/\/inces.gob.ve\/index.php\/wp-json\/wp\/v2\/posts\/12033\/revisions"}],"wp:featuredmedia":[{"embeddable":true,"href":"https:\/\/inces.gob.ve\/index.php\/wp-json\/"}],"wp:attachment":[{"href":"https:\/\/inces.gob.ve\/index.php\/wp-json\/wp\/v2\/media?parent=12033"}],"wp:term":[{"taxonomy":"category","embeddable":true,"href":"https:\/\/inces.gob.ve\/index.php\/wp-json\/wp\/v2\/categories?post=12033"},{"taxonomy":"post_tag","embeddable":true,"href":"https:\/\/inces.gob.ve\/index.php\/wp-json\/wp\/v2\/tags?post=12033"}],"curies":[{"name":"wp","href":"https:\/\/api.w.org\/{rel}","templated":true}]}}