{"id":12150,"date":"2018-02-15T13:38:00","date_gmt":"2018-02-15T19:38:00","guid":{"rendered":"http:\/\/www.inces.gob.ve\/?p=12150"},"modified":"2018-02-15T13:38:00","modified_gmt":"2018-02-15T19:38:00","slug":"inces-lara-visita-la-empresa-beneagro-organizar-formacion-trabajadores","status":"publish","type":"post","link":"https:\/\/inces.gob.ve\/index.php\/2018\/02\/15\/inces-lara-visita-la-empresa-beneagro-organizar-formacion-trabajadores\/","title":{"rendered":"Inces Lara visita la empresa Beneagro para organizar formaci\u00f3n a sus trabajadores"},"content":{"rendered":"<p style=\"text-align: justify;\"><span style=\"font-family: Arial,sans-serif;\"><i><b>** Las entidades de trabajado recuperadas y nacionalizadas siguen facilitando las condiciones para la formaci\u00f3n y autoformaci\u00f3n colectiva, como derecho consagrado en la Lott <\/b><\/i><\/span><\/p>\n<p style=\"text-align: justify;\"><!--more--><\/p>\n<p>&nbsp;<\/p>\n<p style=\"text-align: justify;\"><span style=\"font-family: Arial,sans-serif;\"><b>Prensa Inces Lara.-<\/b> La Empresa de Propiedad Social y de Propiedad Comunal, antigua productora de pollo Souto, Beneagro, se activa con el Inces para iniciar un nuevo ciclo de formaci\u00f3n en diferentes opciones productivas que conduzca a seguir ampliando el proceso de productivos de alimentos.<\/span><\/p>\n<p style=\"text-align: justify;\">\u00a0<\/p>\n<p style=\"text-align: justify;\"><span style=\"font-family: Arial,sans-serif;\">En visita realizada por el jefe de divisi\u00f3n de Formaci\u00f3n y Autoformaci\u00f3n del Inces en Lara, Rub\u00e9n Rond\u00f3n y representantes del Sistema Presidencial de Empresas Recuperadas, Ocupadas, Nacionalizadas Creadas y Aliadas (Ronca), se acord\u00f3 en los pr\u00f3ximos d\u00edas iniciar la caracterizaci\u00f3n de la clase trabajadora para iniciar nuevos cursos y talleres en diferentes opciones productivas.<\/span><\/p>\n<p style=\"text-align: justify;\">\u00a0<\/p>\n<p style=\"text-align: justify;\"><span style=\"font-family: Arial,sans-serif;\">Con el abordaje a empresas recuperadas por el Estado Venezolano y el Poder Popular, se est\u00e1 dando un paso agigantado para avanzar hacia el nuevo modelo econ\u00f3mico de gesti\u00f3n directa y democr\u00e1tica protagonizada por la clase trabajadora que produce con sus conocimientos y experiencias bienes y servicios para el pueblo.<\/span><\/p>\n<p style=\"text-align: justify;\"><img loading=\"lazy\" decoding=\"async\" class=\"alignnone size-full wp-image-12151\" src=\"http:\/\/www.inces.gob.ve\/wp-content\/uploads\/2018\/02\/1ormaci\u00f3n-y-autoformaci\u00f3n.jpg\" alt=\"\" width=\"850\" height=\"510\" \/><\/p>\n<p style=\"text-align: justify;\"><span style=\"font-family: Arial,sans-serif;\">As\u00ed lo dej\u00f3 entrever, Rond\u00f3n, en su estad\u00eda en la empresa con sede en la comunidad Cordero, parroquia Tamaca al norte de Barquisimeto; encargada de la producci\u00f3n de aves y otros alimentos indispensables para abastecer a las comunidades del estado Lara. \u201cEstamos con la clase trabajadora para atender sus requerimientos formativos\u201d.<\/span><\/p>\n<p style=\"text-align: justify;\"><span style=\"font-family: Arial,sans-serif;\">Gaudy L\u00f3pez<\/span><\/p>\n<p style=\"text-align: justify;\">\u00a0<\/p>\n<p style=\"text-align: justify;\">\u00a0<\/p>\n<p style=\"text-align: justify;\">\u00a0<\/p>\n","protected":false},"excerpt":{"rendered":"<p>** Las entidades de trabajado recuperadas y nacionalizadas siguen facilitando las condiciones para la formaci\u00f3n y autoformaci\u00f3n colectiva, como derecho consagrado en la Lott<\/p>\n","protected":false},"author":15,"featured_media":12151,"comment_status":"closed","ping_status":"closed","sticky":false,"template":"","format":"aside","meta":{"footnotes":""},"categories":[2],"tags":[],"class_list":["post-12150","post","type-post","status-publish","format-aside","has-post-thumbnail","hentry","category-blog","post_format-post-format-aside"],"_links":{"self":[{"href":"https:\/\/inces.gob.ve\/index.php\/wp-json\/wp\/v2\/posts\/12150","targetHints":{"allow":["GET"]}}],"collection":[{"href":"https:\/\/inces.gob.ve\/index.php\/wp-json\/wp\/v2\/posts"}],"about":[{"href":"https:\/\/inces.gob.ve\/index.php\/wp-json\/wp\/v2\/types\/post"}],"author":[{"embeddable":true,"href":"https:\/\/inces.gob.ve\/index.php\/wp-json\/wp\/v2\/users\/15"}],"replies":[{"embeddable":true,"href":"https:\/\/inces.gob.ve\/index.php\/wp-json\/wp\/v2\/comments?post=12150"}],"version-history":[{"count":0,"href":"https:\/\/inces.gob.ve\/index.php\/wp-json\/wp\/v2\/posts\/12150\/revisions"}],"wp:featuredmedia":[{"embeddable":true,"href":"https:\/\/inces.gob.ve\/index.php\/wp-json\/"}],"wp:attachment":[{"href":"https:\/\/inces.gob.ve\/index.php\/wp-json\/wp\/v2\/media?parent=12150"}],"wp:term":[{"taxonomy":"category","embeddable":true,"href":"https:\/\/inces.gob.ve\/index.php\/wp-json\/wp\/v2\/categories?post=12150"},{"taxonomy":"post_tag","embeddable":true,"href":"https:\/\/inces.gob.ve\/index.php\/wp-json\/wp\/v2\/tags?post=12150"}],"curies":[{"name":"wp","href":"https:\/\/api.w.org\/{rel}","templated":true}]}}