{"id":12168,"date":"2018-02-16T09:18:01","date_gmt":"2018-02-16T15:18:01","guid":{"rendered":"http:\/\/www.inces.gob.ve\/?p=12168"},"modified":"2018-02-16T09:18:01","modified_gmt":"2018-02-16T15:18:01","slug":"cantv-realizo-jornada-activacion-billeteras-movil-inces","status":"publish","type":"post","link":"https:\/\/inces.gob.ve\/index.php\/2018\/02\/16\/cantv-realizo-jornada-activacion-billeteras-movil-inces\/","title":{"rendered":"Cantv realiz\u00f3 jornada de activaci\u00f3n de  Billeteras M\u00f3vil en el Inces"},"content":{"rendered":"<p style=\"text-align: justify;\" align=\"justify\"><span style=\"font-family: Arial,sans-serif;\"><b>**A la actividad asistieron los Clap de diferentes comunidades de Quibor, municipio Jim\u00e9nez del estado Lara<\/b><\/span><\/p>\n<p align=\"justify\">\u00a0<\/p>\n<p style=\"text-align: justify;\" align=\"justify\"><!--more--><\/p>\n<p align=\"justify\">\u00a0<\/p>\n<p style=\"text-align: justify;\" align=\"justify\"><span style=\"font-family: Arial,sans-serif;\"><b>Prensa Inces Lara.-<\/b> En el Centro de Formaci\u00f3n Socialista (CFS), Jos\u00e9 Bernardo Dorante de Quibor, en el estado Lara se realiz\u00f3 una charla de inducci\u00f3n para la activaci\u00f3n y el uso de las Billeteras M\u00f3viles, nueva modalidad de pago electr\u00f3nico que facilitar\u00e1 la adquisici\u00f3n de bienes y servicios, a aquellas personas no bancarizadas, mediante el Carnet de la Patria.<\/span><\/p>\n<p style=\"text-align: justify;\" align=\"justify\"><img loading=\"lazy\" decoding=\"async\" class=\"size-full wp-image-12169 aligncenter\" src=\"http:\/\/www.inces.gob.ve\/wp-content\/uploads\/2018\/02\/2Billeteras-M\u00f3vil.jpg\" alt=\"\" width=\"850\" height=\"638\" \/><\/p>\n<p style=\"text-align: justify;\" align=\"justify\"><span style=\"font-family: Arial,sans-serif;\">En la actividad realizada, como parte de las aplicaciones desarrolladas por el Ejecutivo nacional para el uso de Carnet de la Patria, asistieron los Clap del municipio, comunidades, trabajadores del Inces y de otras instituciones, quienes conocieron de parte de la Comisi\u00f3n Presidencial de Cantv los pasos para el registro y uso de la billetera m\u00f3vil.<\/span><\/p>\n<p style=\"text-align: justify;\" align=\"justify\">\u00a0<\/p>\n<p style=\"text-align: justify;\" align=\"justify\"><span style=\"font-family: Arial,sans-serif;\">El municipio Jim\u00e9nez, es el primero del estado Lara en recibir la jornada que lleva en todo el pa\u00eds la Compa\u00f1\u00eda An\u00f3nima Nacional Tel\u00e9fonos de Venezuela (Cantv); as\u00ed lo dio a conocer la jefa del Centro de Formaci\u00f3n Socialista (CFS) Jos\u00e9 Bernardo Dorante, Flor Alvarado, asistente a la jornada. \u201cEn Inces facilitamos los espacios y las herramientas para que nuestro pueblo conozca los planes para el buen vivir generados por la Revoluci\u00f3n\u201d.<\/span><\/p>\n<p style=\"text-align: justify;\" align=\"justify\">\u00a0<\/p>\n<p style=\"text-align: justify;\" align=\"justify\"><span style=\"font-family: Arial,sans-serif;\">Billetera M\u00f3vil es un servicio que permitir\u00e1 a los usuarios del Carnet de la Patria realizar el pago de rubros y alimentos de la canasta b\u00e1sica, distribuidos a trav\u00e9s del Comit\u00e9 Local de Abastecimiento y Producci\u00f3n (Clap). Adem\u00e1s, resalt\u00f3 que se est\u00e1n realizando las acciones necesarias para incluir el pago de servicios y transporte con este medio de pago.<\/span><\/p>\n<p style=\"text-align: justify;\" align=\"justify\">\u00a0<\/p>\n<p style=\"text-align: justify;\" align=\"justify\"><span style=\"font-family: Arial,sans-serif;\">Para registrarse, los usuarios deben ingresar al portal electr\u00f3nico <a href=\"http:\/\/www.billeteramovil.gob.ve\/\" target=\"_blank\" rel=\"noopener\">www.billeteramovil.gob.ve<\/a>\u00a0y verificar que su terminal de c\u00e9dula coincida con el n\u00famero correspondiente para realizar el registro:\u00a0(lunes: 0 y 5, martes: 1 y 6, mi\u00e9rcoles: 2 y 7, jueves: 3 y 8, viernes: 4 y 9). Los fines de semana el registro se habilitar\u00e1 as\u00ed: s\u00e1bados del 0 al 4 y domingos del 5 al 9.<\/span><\/p>\n<p style=\"text-align: justify;\" align=\"justify\"><img loading=\"lazy\" decoding=\"async\" class=\"size-full wp-image-12170 aligncenter\" src=\"http:\/\/www.inces.gob.ve\/wp-content\/uploads\/2018\/02\/3Billeteras-M\u00f3vil.jpg\" alt=\"\" width=\"850\" height=\"638\" \/><\/p>\n<p style=\"text-align: justify;\" align=\"justify\"><span style=\"font-family: Arial,sans-serif;\">Oprima el bot\u00f3n \u201cRegistrarse\u201d y llene los datos correspondientes. Una vez completados todos estos requerimientos, estar\u00e1 inscrito en Billetera M\u00f3vil. La creaci\u00f3n de esta herramienta tecnol\u00f3gica permite a los usuarios depositar o transferir hasta 300.000 bol\u00edvares mensuales a su nombre, a trav\u00e9s del Carnet de la Patria, en las agencias de la banca p\u00fablica.\u00a0<\/span><\/p>\n<p style=\"text-align: justify;\" align=\"justify\">\u00a0<\/p>\n<p style=\"text-align: justify;\" align=\"justify\"><span style=\"font-family: Arial,sans-serif;\">Gaudy L\u00f3pez<\/span><\/p>\n<p style=\"text-align: justify;\" align=\"justify\">\u00a0<\/p>\n","protected":false},"excerpt":{"rendered":"<p>**A la actividad asistieron los Clap de diferentes comunidades de Quibor, municipio Jim\u00e9nez del estado Lara \u00a0<\/p>\n","protected":false},"author":15,"featured_media":12170,"comment_status":"closed","ping_status":"closed","sticky":false,"template":"","format":"aside","meta":{"footnotes":""},"categories":[2],"tags":[],"class_list":["post-12168","post","type-post","status-publish","format-aside","has-post-thumbnail","hentry","category-blog","post_format-post-format-aside"],"_links":{"self":[{"href":"https:\/\/inces.gob.ve\/index.php\/wp-json\/wp\/v2\/posts\/12168","targetHints":{"allow":["GET"]}}],"collection":[{"href":"https:\/\/inces.gob.ve\/index.php\/wp-json\/wp\/v2\/posts"}],"about":[{"href":"https:\/\/inces.gob.ve\/index.php\/wp-json\/wp\/v2\/types\/post"}],"author":[{"embeddable":true,"href":"https:\/\/inces.gob.ve\/index.php\/wp-json\/wp\/v2\/users\/15"}],"replies":[{"embeddable":true,"href":"https:\/\/inces.gob.ve\/index.php\/wp-json\/wp\/v2\/comments?post=12168"}],"version-history":[{"count":0,"href":"https:\/\/inces.gob.ve\/index.php\/wp-json\/wp\/v2\/posts\/12168\/revisions"}],"wp:featuredmedia":[{"embeddable":true,"href":"https:\/\/inces.gob.ve\/index.php\/wp-json\/"}],"wp:attachment":[{"href":"https:\/\/inces.gob.ve\/index.php\/wp-json\/wp\/v2\/media?parent=12168"}],"wp:term":[{"taxonomy":"category","embeddable":true,"href":"https:\/\/inces.gob.ve\/index.php\/wp-json\/wp\/v2\/categories?post=12168"},{"taxonomy":"post_tag","embeddable":true,"href":"https:\/\/inces.gob.ve\/index.php\/wp-json\/wp\/v2\/tags?post=12168"}],"curies":[{"name":"wp","href":"https:\/\/api.w.org\/{rel}","templated":true}]}}