{"id":12179,"date":"2018-02-16T09:37:30","date_gmt":"2018-02-16T15:37:30","guid":{"rendered":"http:\/\/www.inces.gob.ve\/?p=12179"},"modified":"2018-02-16T09:37:30","modified_gmt":"2018-02-16T15:37:30","slug":"inces-recupera-espacios-la-formacion-alto-potencial-productivo","status":"publish","type":"post","link":"https:\/\/inces.gob.ve\/index.php\/2018\/02\/16\/inces-recupera-espacios-la-formacion-alto-potencial-productivo\/","title":{"rendered":"Inces recupera espacios para la formaci\u00f3n con alto potencial productivo"},"content":{"rendered":"<p style=\"text-align: justify;\"><span style=\"font-family: Arial,sans-serif;\"><i><b>** Con el Plan de Municipalizaci\u00f3n Inces 2018 no habr\u00e1 ninguna comunidad sin formaci\u00f3n productiva <\/b><\/i><\/span><\/p>\n<p style=\"text-align: justify;\"><!--more--><\/p>\n<p>&nbsp;<\/p>\n<p style=\"text-align: justify;\"><span style=\"font-family: Arial,sans-serif;\"><b>Prensa Inces.- <\/b> Con miras a consolidar un nuevo esquema econ\u00f3mico productivo y en el marco de la Municipalizaci\u00f3n Educativa del Inces 2018 se origin\u00f3 la propuesta de activar y recuperar los espacios del Centro de Formaci\u00f3n Socialista (CFS), ubicado en la poblaci\u00f3n del Tocuyo, municipio Mor\u00e1n, en el estado Lara, con alta potencialidad agr\u00edcola y cafetalera del pa\u00eds. <\/span><\/p>\n<p style=\"text-align: justify;\"><img loading=\"lazy\" decoding=\"async\" class=\"size-full wp-image-12180 aligncenter\" src=\"http:\/\/www.inces.gob.ve\/wp-content\/uploads\/2018\/02\/1potencial-productivo.jpg\" alt=\"\" width=\"850\" height=\"560\" \/><\/p>\n<p style=\"text-align: justify;\"><span style=\"font-family: Arial,sans-serif;\">Carlos P\u00e9rez, asume nuevamente la responsabilidad del CFS, que es recuperado con limpieza, desmalezamiento, acondicionamiento y equipamiento de sus \u00e1reas por j\u00f3venes de la misi\u00f3n Robert Serra, Consejos Comunales, Clap y trabajadores de la instituci\u00f3n para brindar a la poblaci\u00f3n morandina un espacio digno para la formaci\u00f3n en los diferentes motores econ\u00f3micos y productivos del pa\u00eds. <\/span><\/p>\n<p style=\"text-align: justify;\"><img loading=\"lazy\" decoding=\"async\" class=\"size-full wp-image-12182 aligncenter\" src=\"http:\/\/www.inces.gob.ve\/wp-content\/uploads\/2018\/02\/3potencial-productivo.jpg\" alt=\"\" width=\"850\" height=\"638\" \/><\/p>\n<p style=\"text-align: justify;\"><span style=\"font-family: Arial,sans-serif;\">En el marco del Plan de Municipalizaci\u00f3n del Inces, y luego de un diagn\u00f3stico para activar los espacios e impulsar los motores de la econom\u00eda, tambi\u00e9n se tiene previsto para los pr\u00f3ximos d\u00edas la inauguraci\u00f3n del primer CFS en la poblaci\u00f3n de Cabudare, municipio Palavecino, en el estado Lara, la cual llevar\u00e1 por nombre Cacique Terepaima<\/span><\/p>\n<p style=\"text-align: justify;\"><img loading=\"lazy\" decoding=\"async\" class=\"size-full wp-image-12181 aligncenter\" src=\"http:\/\/www.inces.gob.ve\/wp-content\/uploads\/2018\/02\/2potencial-productivo.jpg\" alt=\"\" width=\"850\" height=\"560\" \/><\/p>\n<p style=\"text-align: justify;\"><span style=\"font-family: Arial,sans-serif;\">El gerente del Inces en Lara, Julio Garc\u00eda L\u00f3pez, valor\u00f3 que los centros de formaci\u00f3n que abrir\u00e1n su puertas a la poblaci\u00f3n larense tienen gran fortaleza, y potencial productivo. Esto trajo consigo la propuesta de rescatarlos como espacio para la formaci\u00f3n y producci\u00f3n de rubros agr\u00edcolas para fortalecer el esquema de gesti\u00f3n agroproductiva del Plan de la Patria 2019-2025<img loading=\"lazy\" decoding=\"async\" class=\"size-full wp-image-12183 aligncenter\" src=\"http:\/\/www.inces.gob.ve\/wp-content\/uploads\/2018\/02\/5potencial-productivo.jpg\" alt=\"\" width=\"850\" height=\"638\" \/><\/span><\/p>\n<p style=\"text-align: justify;\">\u00a0<\/p>\n<p style=\"text-align: justify;\"><span style=\"font-family: Arial,sans-serif;\">T\/ Gaudy L\u00f3pez<\/span><\/p>\n<p style=\"text-align: justify;\">\u00a0<\/p>\n<p style=\"text-align: justify;\">\u00a0<\/p>\n<p style=\"text-align: justify;\">\u00a0<\/p>\n","protected":false},"excerpt":{"rendered":"<p>** Con el Plan de Municipalizaci\u00f3n Inces 2018 no habr\u00e1 ninguna comunidad sin formaci\u00f3n productiva<\/p>\n","protected":false},"author":15,"featured_media":12181,"comment_status":"closed","ping_status":"closed","sticky":false,"template":"","format":"aside","meta":{"footnotes":""},"categories":[2],"tags":[],"class_list":["post-12179","post","type-post","status-publish","format-aside","has-post-thumbnail","hentry","category-blog","post_format-post-format-aside"],"_links":{"self":[{"href":"https:\/\/inces.gob.ve\/index.php\/wp-json\/wp\/v2\/posts\/12179","targetHints":{"allow":["GET"]}}],"collection":[{"href":"https:\/\/inces.gob.ve\/index.php\/wp-json\/wp\/v2\/posts"}],"about":[{"href":"https:\/\/inces.gob.ve\/index.php\/wp-json\/wp\/v2\/types\/post"}],"author":[{"embeddable":true,"href":"https:\/\/inces.gob.ve\/index.php\/wp-json\/wp\/v2\/users\/15"}],"replies":[{"embeddable":true,"href":"https:\/\/inces.gob.ve\/index.php\/wp-json\/wp\/v2\/comments?post=12179"}],"version-history":[{"count":0,"href":"https:\/\/inces.gob.ve\/index.php\/wp-json\/wp\/v2\/posts\/12179\/revisions"}],"wp:featuredmedia":[{"embeddable":true,"href":"https:\/\/inces.gob.ve\/index.php\/wp-json\/"}],"wp:attachment":[{"href":"https:\/\/inces.gob.ve\/index.php\/wp-json\/wp\/v2\/media?parent=12179"}],"wp:term":[{"taxonomy":"category","embeddable":true,"href":"https:\/\/inces.gob.ve\/index.php\/wp-json\/wp\/v2\/categories?post=12179"},{"taxonomy":"post_tag","embeddable":true,"href":"https:\/\/inces.gob.ve\/index.php\/wp-json\/wp\/v2\/tags?post=12179"}],"curies":[{"name":"wp","href":"https:\/\/api.w.org\/{rel}","templated":true}]}}