{"id":12212,"date":"2018-02-19T12:55:51","date_gmt":"2018-02-19T18:55:51","guid":{"rendered":"http:\/\/www.inces.gob.ve\/?p=12212"},"modified":"2018-02-19T12:55:51","modified_gmt":"2018-02-19T18:55:51","slug":"inces-inicia-agricultura-urbana-la-escuela-granja-san-jacinto","status":"publish","type":"post","link":"https:\/\/inces.gob.ve\/index.php\/2018\/02\/19\/inces-inicia-agricultura-urbana-la-escuela-granja-san-jacinto\/","title":{"rendered":"Inces inicia agricultura urbana en la escuela Granja de San Jacinto"},"content":{"rendered":"<p style=\"text-align: justify;\"><span style=\"font-family: Arial,sans-serif;\">** <i><b>Estudiantes y comunidad esperan aprovechar sus \u00e1reas urbanas para la siembra de rubros de ciclos cortos<\/b><\/i><\/span><\/p>\n<p style=\"text-align: justify;\"><!--more--><\/p>\n<p>&nbsp;<\/p>\n<p style=\"text-align: justify;\"><span style=\"font-family: Arial,sans-serif;\"><b>Prensa Inces M\u00e9rida.-<\/b> Como parte de la programaci\u00f3n formativa ofertada por el Inces, inici\u00f3 el curso de agricultura urbana en los espacios de la Escuela Granja \u201cSe\u00f1or de la Buena Esperanza\u201d, ubicado en la comunidad de San Jacinto de la ciudad de M\u00e9rida, con 20 participantes y el acompa\u00f1amiento del maestro t\u00e9cnico productivo (MTP), Jos\u00e9 Humberto Parra.<\/span><\/p>\n<p style=\"text-align: justify;\"><img loading=\"lazy\" decoding=\"async\" class=\"size-full wp-image-12216 aligncenter\" src=\"http:\/\/www.inces.gob.ve\/wp-content\/uploads\/2018\/02\/5\u00e1reas-urbanas.jpg\" alt=\"\" width=\"850\" height=\"638\" \/><br \/>\n <span style=\"font-family: Arial,sans-serif;\">Hortalizas y vegetales de ciclos cortos y a medio plazo, son algunos de los objetivos trazados tanto por los estudiante de la escuela granja, como de la propia comunidad, quienes buscan auto-gestionarse y contrarrestar la guerra econ\u00f3mica que ataca directamente los hogares de las familias venezolanas.<\/span><\/p>\n<p style=\"text-align: justify;\"><img loading=\"lazy\" decoding=\"async\" class=\"size-full wp-image-12213 aligncenter\" src=\"http:\/\/www.inces.gob.ve\/wp-content\/uploads\/2018\/02\/1\u00e1reas-urbanas.jpg\" alt=\"\" width=\"850\" height=\"638\" \/><\/p>\n<p style=\"text-align: justify;\"><span style=\"font-family: Arial,sans-serif;\">Es importante destacar que la escuela granja ha facilitado toda la infraestructura agr\u00edcola, que incluye el \u00e1rea de lombricultura, herramientas e insumos que les permita desarrollar en todos sus espacios disponible la siembra de diversos rubros que beneficien tanto el comedor de la unidad educativa, como a la propia comunidad. <img loading=\"lazy\" decoding=\"async\" class=\"size-full wp-image-12215 aligncenter\" src=\"http:\/\/www.inces.gob.ve\/wp-content\/uploads\/2018\/02\/3\u00e1reas-urbanas.jpg\" alt=\"\" width=\"850\" height=\"638\" \/><\/span><\/p>\n<p style=\"text-align: justify;\"><span style=\"font-family: Arial,sans-serif;\">Jos\u00e9 Humberto Parra, como maestro del Inces, destac\u00f3 la importancia de aplicar un verdadero uso a los desechos org\u00e1nicos, se puede preparar abono org\u00e1nico, que permite eliminar la contaminaci\u00f3n y evitar el uso indiscriminado de fertilizante, <img loading=\"lazy\" decoding=\"async\" class=\"alignnone size-full wp-image-12214\" src=\"http:\/\/www.inces.gob.ve\/wp-content\/uploads\/2018\/02\/2\u00e1reas-urbanas.jpg\" alt=\"\" width=\"850\" height=\"638\" \/><\/span><\/p>\n<p style=\"text-align: justify;\">\u00a0<\/p>\n<p style=\"text-align: justify;\"><span style=\"font-family: Arial,sans-serif;\">T\/ Nadia Lobo<\/span><\/p>\n","protected":false},"excerpt":{"rendered":"<p>** Estudiantes y comunidad esperan aprovechar sus \u00e1reas urbanas para la siembra de rubros de ciclos cortos<\/p>\n","protected":false},"author":15,"featured_media":12214,"comment_status":"closed","ping_status":"closed","sticky":false,"template":"","format":"aside","meta":{"footnotes":""},"categories":[2],"tags":[],"class_list":["post-12212","post","type-post","status-publish","format-aside","has-post-thumbnail","hentry","category-blog","post_format-post-format-aside"],"_links":{"self":[{"href":"https:\/\/inces.gob.ve\/index.php\/wp-json\/wp\/v2\/posts\/12212","targetHints":{"allow":["GET"]}}],"collection":[{"href":"https:\/\/inces.gob.ve\/index.php\/wp-json\/wp\/v2\/posts"}],"about":[{"href":"https:\/\/inces.gob.ve\/index.php\/wp-json\/wp\/v2\/types\/post"}],"author":[{"embeddable":true,"href":"https:\/\/inces.gob.ve\/index.php\/wp-json\/wp\/v2\/users\/15"}],"replies":[{"embeddable":true,"href":"https:\/\/inces.gob.ve\/index.php\/wp-json\/wp\/v2\/comments?post=12212"}],"version-history":[{"count":0,"href":"https:\/\/inces.gob.ve\/index.php\/wp-json\/wp\/v2\/posts\/12212\/revisions"}],"wp:featuredmedia":[{"embeddable":true,"href":"https:\/\/inces.gob.ve\/index.php\/wp-json\/"}],"wp:attachment":[{"href":"https:\/\/inces.gob.ve\/index.php\/wp-json\/wp\/v2\/media?parent=12212"}],"wp:term":[{"taxonomy":"category","embeddable":true,"href":"https:\/\/inces.gob.ve\/index.php\/wp-json\/wp\/v2\/categories?post=12212"},{"taxonomy":"post_tag","embeddable":true,"href":"https:\/\/inces.gob.ve\/index.php\/wp-json\/wp\/v2\/tags?post=12212"}],"curies":[{"name":"wp","href":"https:\/\/api.w.org\/{rel}","templated":true}]}}