{"id":12363,"date":"2018-02-26T08:26:36","date_gmt":"2018-02-26T14:26:36","guid":{"rendered":"http:\/\/www.inces.gob.ve\/?p=12363"},"modified":"2018-02-26T08:26:36","modified_gmt":"2018-02-26T14:26:36","slug":"angel-visito-escuela-la-vega-giro-instrucciones-proseguir-trabajos-adecuacion","status":"publish","type":"post","link":"https:\/\/inces.gob.ve\/index.php\/2018\/02\/26\/angel-visito-escuela-la-vega-giro-instrucciones-proseguir-trabajos-adecuacion\/","title":{"rendered":"Angel visit\u00f3 escuela de La Vega y gir\u00f3 instrucciones para proseguir trabajos de adecuaci\u00f3n"},"content":{"rendered":"<p style=\"text-align: justify;\" align=\"justify\"><span style=\"font-family: Arial,sans-serif;\"><i><b>** Hizo un aparte en el encuentro, para cumplir con su palabra empe\u00f1ada, al donar a un joven estudiante unas pr\u00f3tesis de miembros anteriores, ofrecidas el pasado mes de noviembre<\/b><\/i><\/span><\/p>\n<p style=\"text-align: justify;\" align=\"justify\"><!--more--><\/p>\n<p align=\"justify\">\u00a0<\/p>\n<p style=\"text-align: justify;\" align=\"justify\"><span style=\"font-family: Arial,sans-serif;\"><b>Prensa Inces sede.-<\/b> El presidente del Instituto Nacional de Capacitaci\u00f3n y Educaci\u00f3n Socialista (Inces), Wuikelman Angel realiz\u00f3 una segunda visita a la Escuela Nacional \u201cJos\u00e9 Vinicio Adames\u201d de La Vega en Caracas, en el marco de la jornada de Mantenimiento Voluntario \u201cEsta es mi Escuela\u201d con la intenci\u00f3n de precisar los avances alcanzados como producto de la primera cita en esas instalaciones el pasado mes de noviembre. Acompa\u00f1ado de una peque\u00f1a comitiva, hizo una donaci\u00f3n de materiales y herramientas para actividades menores de mantenimiento y prevenci\u00f3n.<img loading=\"lazy\" decoding=\"async\" class=\"size-full wp-image-12369 aligncenter\" src=\"http:\/\/www.inces.gob.ve\/wp-content\/uploads\/2018\/02\/1-trabajos-de-adecuaci\u00f3n.jpg\" alt=\"\" width=\"850\" height=\"567\" \/><\/span><\/p>\n<p style=\"text-align: justify;\" align=\"justify\"><span style=\"font-family: Arial,sans-serif;\">La ocasi\u00f3n fue oportuna para instalar un punto de informaci\u00f3n y registro Inces y formalizar inscripciones en el programa de Bachillerato Productivo de la instituci\u00f3n (previsto a comenzar el 17 de marzo), despejar dudas a la comunidad sobre las opciones formativas, supervisar el conuco escolar, anunciar el destrabe de ca\u00f1er\u00edas y limpiezas de canaletas de aguas pluviales y para captar participantes a cursos de la programaci\u00f3n ordinaria en las propias instalaciones escolares en las \u00e1reas: Industria, Textil, Artesan\u00eda y Turismo.<\/span><\/p>\n<p align=\"justify\">\u00a0<\/p>\n<p style=\"text-align: justify;\" align=\"justify\"><span style=\"font-family: Arial,sans-serif;\">Para este lunes 26 de febrero, est\u00e1 prevista la iniciaci\u00f3n de un curso de Electricidad que fue solicitado por\u00a0 personas de la zona y la Comunidad Educativa.<\/span><\/p>\n<p style=\"text-align: justify;\" align=\"justify\"><img loading=\"lazy\" decoding=\"async\" class=\"size-full wp-image-12368 aligncenter\" src=\"http:\/\/www.inces.gob.ve\/wp-content\/uploads\/2018\/02\/2-trabajos-de-adecuaci\u00f3n.jpg\" alt=\"\" width=\"850\" height=\"567\" \/><\/p>\n<p style=\"text-align: justify;\" align=\"justify\"><span style=\"font-family: Arial,sans-serif;\">Angel imparti\u00f3 responsabilidades entre su equipo acompa\u00f1ante para hacer un cercano seguimiento a las labores acometidas y por realizarse en la escuela, que en algunos casos revisten car\u00e1cter importante a nivel de reparaciones de la infraestructura (techo, ba\u00f1os, cocina), para lo cual prometi\u00f3 enlazar con el titular de la cartera educativa, El\u00edas Jaua y solventar posible apoyo en recursos econ\u00f3micos.<\/span><\/p>\n<p align=\"justify\">\u00a0<\/p>\n<p style=\"text-align: justify;\" align=\"justify\"><span style=\"font-family: Arial,sans-serif;\">Entre los insumos para el mantenimiento prometido a la escuela- recordemos que est\u00e1 apadrinada por el Inces- destacan galones de pintura, esmalte, aceites, piezas de plomer\u00eda y materiales como cemento, cal, tierra, abono org\u00e1nico, herramientas agr\u00edcolas, brochas y rodillos, entre otros.<\/span><\/p>\n<p style=\"text-align: justify;\" align=\"justify\"><img loading=\"lazy\" decoding=\"async\" class=\"alignnone size-full wp-image-12366\" src=\"http:\/\/www.inces.gob.ve\/wp-content\/uploads\/2018\/02\/4-trabajos-de-adecuaci\u00f3n.jpg\" alt=\"\" width=\"850\" height=\"567\" \/><\/p>\n<p style=\"text-align: justify;\" align=\"justify\">\u201c<span style=\"font-family: Arial,sans-serif;\">La idea es que la ejecuci\u00f3n de los trabajos menores vaya por cuenta de la comunidad educativa, padres y representantes, estructura pol\u00edtica vinculada con el sector, vecinos y, p\u0155oximamente, participantes egresados y personas del sector, acreditadas por el Inces en oficios relacionados con la adecuaci\u00f3n de edificaciones\u201d, seg\u00fan se\u00f1al\u00f3 el presidente.<\/span><\/p>\n<p align=\"justify\">\u00a0<\/p>\n<p style=\"text-align: justify;\" align=\"justify\"><span style=\"font-family: Arial,sans-serif;\">En este sentido les ofreci\u00f3 un encuentro con personal de Tecnolog\u00eda Educativa para organizar proyectos relacionados con la reparaci\u00f3n y conservaci\u00f3n de los espacios, con la metodolog\u00eda Pfap, es decir, aprender haciendo en beneficio de la instancia formativa.<img loading=\"lazy\" decoding=\"async\" class=\"size-full wp-image-12365 aligncenter\" src=\"http:\/\/www.inces.gob.ve\/wp-content\/uploads\/2018\/02\/6-trabajos-de-adecuaci\u00f3n.jpg\" alt=\"\" width=\"850\" height=\"567\" \/><\/span><\/p>\n<p style=\"text-align: justify;\" align=\"justify\"><span style=\"font-family: Arial,sans-serif;\">De igual forma se prev\u00e9 la preparaci\u00f3n del suelo para la siembra en el conuco escolar y su limpieza, as\u00ed como dar continuidad a las labores de pintura de fachada, paredes internas y de aulas, ya iniciadas algunas de ellas.<\/span><\/p>\n<p align=\"justify\">\u00a0<\/p>\n<p style=\"text-align: justify;\" align=\"justify\"><span style=\"font-family: Arial,sans-serif;\">Aprovech\u00f3 la oportunidad el ejecutivo inceista para, al final del encuentro, supervisar unos terrenos donde cabe la posibilidad de construir, con el apoyo de Fede, un CFS en el sector La Veguita de la misma parroquia.<\/span><\/p>\n<p style=\"text-align: justify;\" align=\"justify\"><img loading=\"lazy\" decoding=\"async\" class=\"size-full wp-image-12364 aligncenter\" src=\"http:\/\/www.inces.gob.ve\/wp-content\/uploads\/2018\/02\/7-antenimiento.jpg\" alt=\"\" width=\"850\" height=\"567\" \/><\/p>\n<p style=\"text-align: justify;\" align=\"justify\"><span style=\"font-family: Arial,sans-serif;\">Siendo la Vinicio Adames una instalaci\u00f3n que funcionar\u00e1 como Unidad Educativa Inces, la asesora Gladys Atacho anunci\u00f3 para este venidero s\u00e1bado 3 de marzo un encuentro de pr\u00f3ximos participantes en el Bachillerato Productivo de toda La Vega, con el objeto de organizar la selecci\u00f3n de la vocer\u00eda de los Consejos Educativos.<\/span><\/p>\n<p align=\"justify\">\u00a0<\/p>\n<p style=\"text-align: justify;\" align=\"justify\"><span style=\"font-family: Arial,sans-serif;\">Donada pr\u00f3tesis a joven alumno de la escuela<\/span><\/p>\n<p style=\"text-align: justify;\" align=\"justify\"><img loading=\"lazy\" decoding=\"async\" class=\"size-full wp-image-12371 aligncenter\" src=\"http:\/\/www.inces.gob.ve\/wp-content\/uploads\/2018\/02\/8-Jornada.jpg\" alt=\"\" width=\"850\" height=\"567\" \/>\u00a0<\/p>\n<p style=\"text-align: justify;\" align=\"justify\"><span style=\"font-family: Arial,sans-serif;\">Como una nota aleccionadora y ejemplar puede calificarse el cumplimiento de una promesa formulada en la anterior visita por parte del presidente Wuikelman Angel al joven Isaac P\u00e9rez quien recibi\u00f3 en donaci\u00f3n unas pr\u00f3tesis o F\u00e9rulas de Reacci\u00f3n Anterior que requer\u00eda para iniciar la correcci\u00f3n de su movilidad al caminar. P\u00e9rez agradeci\u00f3 y dijo estar seguro de que Dios tom\u00f3 su palabra a trav\u00e9s de este equipo de trabajo que labora en el Inces. Por su parte Angel manifest\u00f3 que ve en el Joven Isaac la voluntad del venezolano, que no se doblega, desespera, ni se detiene ante las peores circunstancias. \u201cAs\u00ed es el pa\u00eds, en estos momentos\u201d.<img loading=\"lazy\" decoding=\"async\" class=\"size-full wp-image-12367 aligncenter\" src=\"http:\/\/www.inces.gob.ve\/wp-content\/uploads\/2018\/02\/3-trabajos-de-adecuaci\u00f3n.jpg\" alt=\"\" width=\"850\" height=\"567\" \/><\/span><\/p>\n<p style=\"text-align: justify;\" align=\"justify\"><span style=\"font-family: Arial,sans-serif;\">T\/ Ivaldo Rodr\u00edguez<\/span><\/p>\n<p style=\"text-align: justify;\" align=\"justify\"><span style=\"font-family: Arial,sans-serif;\">F\/ Ariadna Belisario<\/span><\/p>\n","protected":false},"excerpt":{"rendered":"<p>** Hizo un aparte en el encuentro, para cumplir con su palabra empe\u00f1ada, al donar a un joven estudiante unas pr\u00f3tesis de miembros anteriores, ofrecidas el pasado mes de noviembre<\/p>\n","protected":false},"author":15,"featured_media":12367,"comment_status":"closed","ping_status":"closed","sticky":false,"template":"","format":"aside","meta":{"footnotes":""},"categories":[2],"tags":[],"class_list":["post-12363","post","type-post","status-publish","format-aside","has-post-thumbnail","hentry","category-blog","post_format-post-format-aside"],"_links":{"self":[{"href":"https:\/\/inces.gob.ve\/index.php\/wp-json\/wp\/v2\/posts\/12363","targetHints":{"allow":["GET"]}}],"collection":[{"href":"https:\/\/inces.gob.ve\/index.php\/wp-json\/wp\/v2\/posts"}],"about":[{"href":"https:\/\/inces.gob.ve\/index.php\/wp-json\/wp\/v2\/types\/post"}],"author":[{"embeddable":true,"href":"https:\/\/inces.gob.ve\/index.php\/wp-json\/wp\/v2\/users\/15"}],"replies":[{"embeddable":true,"href":"https:\/\/inces.gob.ve\/index.php\/wp-json\/wp\/v2\/comments?post=12363"}],"version-history":[{"count":0,"href":"https:\/\/inces.gob.ve\/index.php\/wp-json\/wp\/v2\/posts\/12363\/revisions"}],"wp:featuredmedia":[{"embeddable":true,"href":"https:\/\/inces.gob.ve\/index.php\/wp-json\/"}],"wp:attachment":[{"href":"https:\/\/inces.gob.ve\/index.php\/wp-json\/wp\/v2\/media?parent=12363"}],"wp:term":[{"taxonomy":"category","embeddable":true,"href":"https:\/\/inces.gob.ve\/index.php\/wp-json\/wp\/v2\/categories?post=12363"},{"taxonomy":"post_tag","embeddable":true,"href":"https:\/\/inces.gob.ve\/index.php\/wp-json\/wp\/v2\/tags?post=12363"}],"curies":[{"name":"wp","href":"https:\/\/api.w.org\/{rel}","templated":true}]}}