{"id":12376,"date":"2018-02-26T08:50:59","date_gmt":"2018-02-26T14:50:59","guid":{"rendered":"http:\/\/www.inces.gob.ve\/?p=12376"},"modified":"2018-02-26T08:50:59","modified_gmt":"2018-02-26T14:50:59","slug":"la-juventud-zuliana-dijo-yosi-creo-pais-me-quedo-venezuela","status":"publish","type":"post","link":"https:\/\/inces.gob.ve\/index.php\/2018\/02\/26\/la-juventud-zuliana-dijo-yosi-creo-pais-me-quedo-venezuela\/","title":{"rendered":"La juventud zuliana dijo #YoS\u00ed creo en mi pa\u00eds, yo me quedo en Venezuela"},"content":{"rendered":"<p class=\"western\" style=\"text-align: justify;\" align=\"justify\"><span style=\"font-family: Arial,sans-serif;\">*<i><b>* Los j\u00f3venes inceistas tomaron algunas de las v\u00edas principales de Maracaibo y del municipio San Francisco <\/b><\/i><\/span><\/p>\n<p align=\"justify\">\u00a0<\/p>\n<p class=\"western\" style=\"text-align: justify;\" align=\"justify\"><!--more--><\/p>\n<p align=\"justify\">\u00a0<\/p>\n<p class=\"western\" style=\"text-align: justify;\" align=\"justify\"><span style=\"font-family: Arial,sans-serif;\"><b>Prensa Inces Zulia.- <\/b>J\u00f3venes del Plan Chamba Juvenil, aprendices Inces y la juventud productiva del Zulia, acompa\u00f1ados del gerente regional, maestros t\u00e9cnicos productivos, coordinadores docentes y jefes de los Centros de Formaci\u00f3n Socialista (CFS) de la instituci\u00f3n tomaron las calles para decirle al mundo que creen en el pa\u00eds y que seguir\u00e1n form\u00e1ndose para ser parte de los hombres y mujeres que contribuir\u00e1n en la construcci\u00f3n de la Patria Nueva con la que so\u00f1\u00f3 el eterno l\u00edder y presidente invicto, Hugo Ch\u00e1vez. <img loading=\"lazy\" decoding=\"async\" class=\"size-full wp-image-12378 aligncenter\" src=\"http:\/\/www.inces.gob.ve\/wp-content\/uploads\/2018\/02\/3-Plan-Chamba-Juvenil.jpg\" alt=\"\" width=\"850\" height=\"478\" \/><\/span><\/p>\n<p class=\"western\" style=\"text-align: justify;\" align=\"justify\"><span style=\"font-family: Arial,sans-serif;\">Estos j\u00f3venes tomaron la avenida Bella Vista de Maracaibo y una de las principales v\u00edas del municipio San Francisco con pancartas y mensajes.<\/span><\/p>\n<p class=\"western\" style=\"text-align: justify;\" align=\"justify\">\u201c<span style=\"font-family: Arial,sans-serif;\">Hacemos un llamado a la juventud productiva para que se incorporen a las actividades formativas porque nosotros creemos en el pa\u00eds y este estado tiene un potencial y recursos a disposici\u00f3n de los j\u00f3venes. Las empresas p\u00fablicas est\u00e1n solicitando j\u00f3venes para que se incorporen a su primera experiencia laboral. Recordemos que un joven le manifest\u00f3 al presidente Maduro, yo quiero una chamba y aqu\u00ed vemos que se concret\u00f3 esta pol\u00edtica p\u00fablica,\u201d afirm\u00f3 el gerente regional del Inces Zulia, Jos\u00e9 Coronel Rond\u00f3n.<\/span><\/p>\n<p class=\"western\" style=\"text-align: justify;\" align=\"justify\"><img loading=\"lazy\" decoding=\"async\" class=\"size-full wp-image-12379 aligncenter\" src=\"http:\/\/www.inces.gob.ve\/wp-content\/uploads\/2018\/02\/2-Plan-Chamba-Juvenil.jpg\" alt=\"\" width=\"850\" height=\"510\" \/><\/p>\n<p class=\"western\" style=\"text-align: justify;\" align=\"justify\"><span style=\"font-family: Arial,sans-serif;\">Indic\u00f3 Coronel que \u201cen este momento hemos incorporado 4.700 j\u00f3venes del Plan Chamba Juvenil, mucho de ellos est\u00e1n culminando su formaci\u00f3n, otros ya est\u00e1n incorporados en el campo laboral. Por ejemplo, Seguros Catatumbo ingres\u00f3 30, Pdvsa tiene alrededor de 1.800 en su n\u00f3mina. De la data de 6 mil j\u00f3venes que nos pas\u00f3 el Ministerio de la Juventud hemos incluido un lote importante en la formaci\u00f3n y en las entidades de trabajo,\u201d puntualiz\u00f3. <\/span><\/p>\n<p class=\"western\" style=\"text-align: justify;\" align=\"justify\"><img loading=\"lazy\" decoding=\"async\" class=\"size-full wp-image-12377 aligncenter\" src=\"http:\/\/www.inces.gob.ve\/wp-content\/uploads\/2018\/02\/5-Plan-Chamba-Juvenil.jpg\" alt=\"\" width=\"600\" height=\"341\" \/><\/p>\n<p class=\"western\" style=\"text-align: justify;\" align=\"justify\"><span style=\"font-family: Arial,sans-serif;\">Estos se est\u00e1n formando en oficios vinculados a los 15 motores productivos, sobre todo en los motores: Industrial, Agroalimentario y Turismo. A\u00f1adi\u00f3 que estos j\u00f3venes en los pr\u00f3ximos d\u00edas visitar\u00e1n las escuelas para invitar a la j\u00f3venes a que se formen en el Inces en los cursos ordinarios y en el Programa Nacional de Aprendizaje.<\/span><\/p>\n<p class=\"western\" style=\"text-align: justify;\" align=\"justify\"><span style=\"font-family: Arial,sans-serif;\">Tambi\u00e9n invit\u00f3 a todos aquellos j\u00f3venes que a\u00fan no han finalizado el bachillerato a que se acerquen a los CFS del Inces m\u00e1s cercanos y se inscriban porque la instituci\u00f3n cuenta con una Unidad Educativa que brinda la oportunidad a todo aquel que desee culminar su secundaria. Las inscripciones- indic\u00f3 Coronel- son permanentes y recalc\u00f3 que la formaci\u00f3n en el Inces es totalmente gratuita. <\/span><\/p>\n<p class=\"western\" style=\"text-align: justify;\" align=\"justify\"><span style=\"font-family: Arial,sans-serif;\">Testimonio <\/span><\/p>\n<p class=\"western\" style=\"text-align: justify;\" align=\"justify\"><span style=\"font-family: Arial,sans-serif;\">Para katherine Romero, de 18 a\u00f1os, miembro del Plan Chamba Juvenil, \u201cel programa Chamba es excelente porque nos brinda la oportunidad del primer empleo. Hasta el momento la formaci\u00f3n que he recibido del Inces ha sido de calidad, y espero que nosotros como j\u00f3venes podamos contribuir con el desarrollo econ\u00f3mico y social del pa\u00eds\u201d.<img loading=\"lazy\" decoding=\"async\" class=\"size-full wp-image-12380 aligncenter\" src=\"http:\/\/www.inces.gob.ve\/wp-content\/uploads\/2018\/02\/1-Plan-Chamba-Juvenil.jpg\" alt=\"\" width=\"850\" height=\"478\" \/><\/span><\/p>\n<p class=\"western\" style=\"text-align: justify;\" align=\"justify\"><span style=\"font-family: Arial,sans-serif;\">Para finalizar, Ra\u00fal P\u00e9rez, de 18 a\u00f1os, mencion\u00f3: \u201cYa tengo varios meses en el Plan Chamba, y al comparar los profesores de la Universidad con los del Inces, los del Inces son mejores; estos tienen vocaci\u00f3n para ense\u00f1ar. Luego que culmine la formaci\u00f3n, y empiece a trabajar seguir\u00e9 mis estudios universitarios\u201d. <\/span><\/p>\n<p class=\"western\" style=\"text-align: justify;\" align=\"justify\"><span style=\"font-family: Arial,sans-serif;\">T\/ Yudith Castro<\/span><\/p>\n","protected":false},"excerpt":{"rendered":"<p>** Los j\u00f3venes inceistas tomaron algunas de las v\u00edas principales de Maracaibo y del municipio San Francisco \u00a0<\/p>\n","protected":false},"author":15,"featured_media":12380,"comment_status":"closed","ping_status":"closed","sticky":false,"template":"","format":"aside","meta":{"footnotes":""},"categories":[2],"tags":[],"class_list":["post-12376","post","type-post","status-publish","format-aside","has-post-thumbnail","hentry","category-blog","post_format-post-format-aside"],"_links":{"self":[{"href":"https:\/\/inces.gob.ve\/index.php\/wp-json\/wp\/v2\/posts\/12376","targetHints":{"allow":["GET"]}}],"collection":[{"href":"https:\/\/inces.gob.ve\/index.php\/wp-json\/wp\/v2\/posts"}],"about":[{"href":"https:\/\/inces.gob.ve\/index.php\/wp-json\/wp\/v2\/types\/post"}],"author":[{"embeddable":true,"href":"https:\/\/inces.gob.ve\/index.php\/wp-json\/wp\/v2\/users\/15"}],"replies":[{"embeddable":true,"href":"https:\/\/inces.gob.ve\/index.php\/wp-json\/wp\/v2\/comments?post=12376"}],"version-history":[{"count":0,"href":"https:\/\/inces.gob.ve\/index.php\/wp-json\/wp\/v2\/posts\/12376\/revisions"}],"wp:featuredmedia":[{"embeddable":true,"href":"https:\/\/inces.gob.ve\/index.php\/wp-json\/"}],"wp:attachment":[{"href":"https:\/\/inces.gob.ve\/index.php\/wp-json\/wp\/v2\/media?parent=12376"}],"wp:term":[{"taxonomy":"category","embeddable":true,"href":"https:\/\/inces.gob.ve\/index.php\/wp-json\/wp\/v2\/categories?post=12376"},{"taxonomy":"post_tag","embeddable":true,"href":"https:\/\/inces.gob.ve\/index.php\/wp-json\/wp\/v2\/tags?post=12376"}],"curies":[{"name":"wp","href":"https:\/\/api.w.org\/{rel}","templated":true}]}}