{"id":12385,"date":"2018-02-26T09:16:17","date_gmt":"2018-02-26T15:16:17","guid":{"rendered":"http:\/\/www.inces.gob.ve\/?p=12385"},"modified":"2020-05-28T20:33:32","modified_gmt":"2020-05-29T00:33:32","slug":"alianzas-estrategicas-carabobo-incrementaran-formaciones-montalban","status":"publish","type":"post","link":"https:\/\/inces.gob.ve\/index.php\/2018\/02\/26\/alianzas-estrategicas-carabobo-incrementaran-formaciones-montalban\/","title":{"rendered":"Alianzas estrat\u00e9gicas en Carabobo incrementar\u00e1n formaciones en Montalb\u00e1n"},"content":{"rendered":"<p class=\"western\" style=\"text-align: justify;\"><span style=\"font-family: Arial,sans-serif;\"><span style=\"font-size: medium;\"><i><b>** Trabajadores de l\u00e1cteos Los Andes ser\u00e1n unos de los primeros beneficiados<\/b><\/i><\/span><\/span><\/p>\n<p>&nbsp;<\/p>\n<p style=\"text-align: justify;\"><!--more--><\/p>\n<p>&nbsp;<\/p>\n<p class=\"western\" style=\"text-align: justify;\"><span style=\"font-family: Arial,sans-serif;\"><span style=\"font-size: medium;\"><b>Prensa Inces Carabobo.<\/b>&#8211; Como parte de la planificaci\u00f3n program\u00e1tica en el Instituto Nacional de Capacitaci\u00f3n y Educaci\u00f3n Socialista en Carabobo, la gerencia regional ha concretado alianzas estrat\u00e9gicas formativas que favorecer\u00e1n a los habitantes de las comunidades de Montalb\u00e1n.<\/span><\/span><\/p>\n<p class=\"western\" style=\"text-align: justify;\"><span style=\"font-family: Arial,sans-serif;\"><span style=\"font-size: medium;\"><img loading=\"lazy\" decoding=\"async\" class=\"size-full wp-image-12388 aligncenter\" src=\"http:\/\/www.inces.gob.ve\/wp-content\/uploads\/2018\/02\/4Alianzas-estrat\u00e9gicas.jpg\" alt=\"\" width=\"850\" height=\"510\" \/><\/span><\/span><\/p>\n<p>&nbsp;<\/p>\n<p class=\"western\" style=\"text-align: justify;\"><span style=\"font-family: Arial,sans-serif;\"><span style=\"font-size: medium;\">El gerente regional del Inces, Guy\u00e9n Sa\u00fal Soto, manifest\u00f3 que se reuni\u00f3 con representantes de la alcald\u00eda del municipio Montalb\u00e1n,con el objetivo de coordinar el trabajo interinstitucional con la creaci\u00f3n de la oficina municipal del Inces y as\u00ed contar con mayores espacios para la formaci\u00f3n profesional, el encadenamiento productivo, la certificaci\u00f3n de saberes emp\u00edricos, formaciones en entidades de trabajo y distintos planes formativos que incrementen en la poblaciones los oficios productivos. <\/span><\/span><\/p>\n<p class=\"western\" style=\"text-align: justify;\"><span style=\"font-family: Arial,sans-serif;\"><span style=\"font-size: medium;\"><img loading=\"lazy\" decoding=\"async\" class=\"size-full wp-image-12389 aligncenter\" src=\"http:\/\/www.inces.gob.ve\/wp-content\/uploads\/2018\/02\/2Alianzas-estrat\u00e9gicas.jpg\" alt=\"\" width=\"850\" height=\"638\" \/><\/span><\/span><\/p>\n<p>&nbsp;<\/p>\n<p class=\"western\" style=\"text-align: justify;\"><span style=\"font-family: Arial,sans-serif;\"><span style=\"font-size: medium;\">Por su parte, Carlos Guariato, coordinador del Programa de Entidad de Trabajo Inces, coment\u00f3 que en los pr\u00f3ximos d\u00edas arranacar\u00e1n con espacios de estudios dirigida a la clase trabajadora de L\u00e1cteos Los Andes en Montalb\u00e1n, iniciando con el Curso de Formaci\u00f3n en Liderazgo y Cultura Organizacional.<\/span><\/span><\/p>\n<p>&nbsp;<\/p>\n<p class=\"western\" style=\"text-align: justify;\"><span style=\"font-family: Arial,sans-serif;\"><span style=\"font-size: medium;\"><img loading=\"lazy\" decoding=\"async\" class=\"size-full wp-image-12386 aligncenter\" src=\"http:\/\/www.inces.gob.ve\/wp-content\/uploads\/2018\/02\/9Alianzas-estrat\u00e9gicas.jpg\" alt=\"\" width=\"850\" height=\"638\" \/><\/span><\/span><\/p>\n<p class=\"western\" style=\"text-align: justify;\"><span style=\"font-family: Arial,sans-serif;\"><span style=\"font-size: medium;\"><strong>T\/Nathalie G\u00f3mez.-<\/strong> <\/span><\/span><\/p>\n<p class=\"western\" style=\"text-align: justify;\">\u00a0<\/p>\n","protected":false},"excerpt":{"rendered":"<p>** Trabajadores de l\u00e1cteos Los Andes ser\u00e1n unos de los primeros beneficiados &nbsp;<\/p>\n","protected":false},"author":15,"featured_media":12390,"comment_status":"closed","ping_status":"closed","sticky":false,"template":"","format":"aside","meta":{"footnotes":""},"categories":[2],"tags":[],"class_list":["post-12385","post","type-post","status-publish","format-aside","has-post-thumbnail","hentry","category-blog","post_format-post-format-aside"],"_links":{"self":[{"href":"https:\/\/inces.gob.ve\/index.php\/wp-json\/wp\/v2\/posts\/12385","targetHints":{"allow":["GET"]}}],"collection":[{"href":"https:\/\/inces.gob.ve\/index.php\/wp-json\/wp\/v2\/posts"}],"about":[{"href":"https:\/\/inces.gob.ve\/index.php\/wp-json\/wp\/v2\/types\/post"}],"author":[{"embeddable":true,"href":"https:\/\/inces.gob.ve\/index.php\/wp-json\/wp\/v2\/users\/15"}],"replies":[{"embeddable":true,"href":"https:\/\/inces.gob.ve\/index.php\/wp-json\/wp\/v2\/comments?post=12385"}],"version-history":[{"count":1,"href":"https:\/\/inces.gob.ve\/index.php\/wp-json\/wp\/v2\/posts\/12385\/revisions"}],"predecessor-version":[{"id":35023,"href":"https:\/\/inces.gob.ve\/index.php\/wp-json\/wp\/v2\/posts\/12385\/revisions\/35023"}],"wp:featuredmedia":[{"embeddable":true,"href":"https:\/\/inces.gob.ve\/index.php\/wp-json\/"}],"wp:attachment":[{"href":"https:\/\/inces.gob.ve\/index.php\/wp-json\/wp\/v2\/media?parent=12385"}],"wp:term":[{"taxonomy":"category","embeddable":true,"href":"https:\/\/inces.gob.ve\/index.php\/wp-json\/wp\/v2\/categories?post=12385"},{"taxonomy":"post_tag","embeddable":true,"href":"https:\/\/inces.gob.ve\/index.php\/wp-json\/wp\/v2\/tags?post=12385"}],"curies":[{"name":"wp","href":"https:\/\/api.w.org\/{rel}","templated":true}]}}