{"id":12420,"date":"2018-02-26T13:35:56","date_gmt":"2018-02-26T19:35:56","guid":{"rendered":"http:\/\/www.inces.gob.ve\/?p=12420"},"modified":"2020-05-28T20:34:45","modified_gmt":"2020-05-29T00:34:45","slug":"vanguardia-inces-hacia-la-consolidacion-la-patria-productiva","status":"publish","type":"post","link":"https:\/\/inces.gob.ve\/index.php\/2018\/02\/26\/vanguardia-inces-hacia-la-consolidacion-la-patria-productiva\/","title":{"rendered":"Vanguardia Inces hacia la consolidaci\u00f3n de la patria productiva"},"content":{"rendered":"<p style=\"text-align: justify;\"><span style=\"font-family: Arial,sans-serif;\"><i><b>** De cara a las venideras elecciones presidenciales, a desarrollarse el pr\u00f3ximo 22 de abril, el equipo de Vanguardia Inces Sucre, trabaja para brindar todo su apoyo en este proceso electoral. <\/b><\/i><\/span><!--more--><\/p>\n<p>&nbsp;<\/p>\n<p style=\"text-align: justify;\"><span style=\"font-family: Arial,sans-serif;\"><b>Prensa INCES Sucre.-<\/b>As\u00ed lo dio a conocer la gerente regional de la entidad, profesora Audin Navarro, quien manifest\u00f3 que el Inces Sucre, siguiendo lineamientos nacionales y regionales, est\u00e1 afinando sus estrategias para apoyar los futuros comicios. \u00abJunto a todo el equipo de Vanguardia Inces, maestros y promotores t\u00e9cnicos productivos, personal administrativo y obrero, estamos dentro de las comunidades, dentro de los ambientes formativos, llevando el mensaje nuestro comandante Eterno, Hugo Ch\u00e1vez Frias, y de nuestro presidente obrero, Nicolas Maduro Moros, para seguir consolidando la Revoluci\u00f3n en Venezuela\u201d, dijo.<img loading=\"lazy\" decoding=\"async\" class=\"size-full wp-image-12422 aligncenter\" src=\"http:\/\/www.inces.gob.ve\/wp-content\/uploads\/2018\/02\/1Vanguardia-Inces-.jpg\" alt=\"\" width=\"850\" height=\"638\" \/><\/span><\/p>\n<p style=\"text-align: justify;\"><span style=\"font-family: Arial,sans-serif;\">Navarro tambi\u00e9n acot\u00f3 que el Inces Sucre, de la mano con el Gobierno Nacional y Regional, sigue apoyando en todos los procesos de beneficio para el pueblo, como las Misiones y Grandes Misiones, as\u00ed como tambi\u00e9n todos los proyectos impulsados recientemente por el presidente obrero, como el Carnet de la Patria y la Actualizaci\u00f3n y Carnetizacion en el PSUV. <\/span><\/p>\n<p style=\"text-align: justify;\">\u00a0<\/p>\n<p style=\"text-align: justify;\"><span style=\"font-family: Arial,sans-serif;\">\u00abEstamos en consonancia junto a la gobernaci\u00f3n del estado Sucre, entes nacionales y tegionales, y bajo la directrices de nuestro ministro de Educaci\u00f3n, El\u00edas Jaua, as\u00ed como del presidente del Inces, Wikelman Angel Paredes, impulsando todos los proyectos de la Revoluci\u00f3n. Seguimos apoyando desde nuestros espacios y con nuestro talento humano al Plan Chamba Juvenil, Carnetizaci\u00f3n Hogares de la Patria, misiones como Robert Serra, Amor Mayor, Jos\u00e9 Gregorio Hern\u00e1ndez, Ni\u00f1os y Ni\u00f1as de la Patria, Gran Misi\u00f3n Saber y Trabajo, entre otras; quienes juntos y en conjunto, hemos logrado articular para brindarles formaci\u00f3n y\/o espacios a los beneficiarios, para el logro de los objetivos planteados\u00bb, expres\u00f3. <\/span><\/p>\n<p style=\"text-align: justify;\"><span style=\"font-family: Arial,sans-serif;\">Por su parte, Ivan Guti\u00e9rrez, de la clase obrera Inces Sucre y representante de la Vanguardia Inces, manifest\u00f3 que \u00abaqu\u00ed trabajamos en un solo equipo. Estamos consolidando nuestros espacios para seguir brind\u00e1ndole al pueblo lo que se merece y por lo que tanto ha luchado nuestro presidente Nicol\u00e1s Maduro. Seguimos en pie de lucha hacia nuestra pr\u00f3xima meta que es la de seguir brindando formaci\u00f3n y atenci\u00f3n de calidad a nuestra gente\u00bb. <img loading=\"lazy\" decoding=\"async\" class=\"size-full wp-image-12421 aligncenter\" src=\"http:\/\/www.inces.gob.ve\/wp-content\/uploads\/2018\/02\/2Vanguardia-Inces-.jpg\" alt=\"\" width=\"850\" height=\"638\" \/><\/span><\/p>\n<p style=\"text-align: justify;\"><span style=\"font-family: Arial,sans-serif;\">El Inces Sucre sigue a paso de vencedores para en este 2018, en miras hacia la consolidaci\u00f3n del poder comunal, dejando atr\u00e1s el modelo rentista y dependiente que impulsan los grupos golpistas.<\/span><\/p>\n<p style=\"text-align: justify;\"><span style=\"font-family: Arial,sans-serif;\">T\/ Dayana Albarran.<\/span><\/p>\n<p>&nbsp;<\/p>\n","protected":false},"excerpt":{"rendered":"<p>** De cara a las venideras elecciones presidenciales, a desarrollarse el pr\u00f3ximo 22 de abril, el equipo de Vanguardia Inces Sucre, trabaja para brindar todo su apoyo en este proceso electoral.<\/p>\n","protected":false},"author":15,"featured_media":12421,"comment_status":"closed","ping_status":"closed","sticky":false,"template":"","format":"aside","meta":{"footnotes":""},"categories":[2],"tags":[],"class_list":["post-12420","post","type-post","status-publish","format-aside","has-post-thumbnail","hentry","category-blog","post_format-post-format-aside"],"_links":{"self":[{"href":"https:\/\/inces.gob.ve\/index.php\/wp-json\/wp\/v2\/posts\/12420","targetHints":{"allow":["GET"]}}],"collection":[{"href":"https:\/\/inces.gob.ve\/index.php\/wp-json\/wp\/v2\/posts"}],"about":[{"href":"https:\/\/inces.gob.ve\/index.php\/wp-json\/wp\/v2\/types\/post"}],"author":[{"embeddable":true,"href":"https:\/\/inces.gob.ve\/index.php\/wp-json\/wp\/v2\/users\/15"}],"replies":[{"embeddable":true,"href":"https:\/\/inces.gob.ve\/index.php\/wp-json\/wp\/v2\/comments?post=12420"}],"version-history":[{"count":1,"href":"https:\/\/inces.gob.ve\/index.php\/wp-json\/wp\/v2\/posts\/12420\/revisions"}],"predecessor-version":[{"id":35032,"href":"https:\/\/inces.gob.ve\/index.php\/wp-json\/wp\/v2\/posts\/12420\/revisions\/35032"}],"wp:featuredmedia":[{"embeddable":true,"href":"https:\/\/inces.gob.ve\/index.php\/wp-json\/"}],"wp:attachment":[{"href":"https:\/\/inces.gob.ve\/index.php\/wp-json\/wp\/v2\/media?parent=12420"}],"wp:term":[{"taxonomy":"category","embeddable":true,"href":"https:\/\/inces.gob.ve\/index.php\/wp-json\/wp\/v2\/categories?post=12420"},{"taxonomy":"post_tag","embeddable":true,"href":"https:\/\/inces.gob.ve\/index.php\/wp-json\/wp\/v2\/tags?post=12420"}],"curies":[{"name":"wp","href":"https:\/\/api.w.org\/{rel}","templated":true}]}}