{"id":12425,"date":"2018-02-26T13:45:56","date_gmt":"2018-02-26T19:45:56","guid":{"rendered":"http:\/\/www.inces.gob.ve\/?p=12425"},"modified":"2018-02-26T13:45:56","modified_gmt":"2018-02-26T19:45:56","slug":"inces-inicia-formacion-certificacion-escuelas-del-estado-tachira","status":"publish","type":"post","link":"https:\/\/inces.gob.ve\/index.php\/2018\/02\/26\/inces-inicia-formacion-certificacion-escuelas-del-estado-tachira\/","title":{"rendered":"Inces inicia formaci\u00f3n y certificaci\u00f3n en escuelas del estado T\u00e1chira"},"content":{"rendered":"<p class=\"western\" style=\"text-align: justify;\"><span style=\"font-family: Arial,sans-serif;\"><span style=\"font-size: medium;\"><i><b>** Inces T\u00e1chira va a la escuela<\/b><\/i><\/span><\/span><\/p>\n<p class=\"western\" style=\"text-align: justify;\"><!--more--><\/p>\n<p class=\"western\" style=\"text-align: justify;\"><span style=\"font-family: Arial,sans-serif;\"><span style=\"font-size: medium;\"><b>Prensa Inces T\u00e1chira.-<\/b> El Instituto Nacional de Capacitaci\u00f3n y Educaci\u00f3n Socialista (Inces) T\u00e1chira, dentro de la planificaci\u00f3n del 2018, inicia ciclo de visitas a escuelas de la entidad, para llevar a cabo diferentes procesos de formaci\u00f3n y certificaci\u00f3n de saberes a docentes, personal administrativo y obrero.<\/span><\/span><\/p>\n<p class=\"western\" style=\"text-align: justify;\"><img loading=\"lazy\" decoding=\"async\" class=\"size-full wp-image-12426 aligncenter\" src=\"http:\/\/www.inces.gob.ve\/wp-content\/uploads\/2018\/02\/2formaci\u00f3n-y-certificaci\u00f3n.jpg\" alt=\"\" width=\"850\" height=\"637\" \/><\/p>\n<p class=\"western\" style=\"text-align: justify;\"><span style=\"font-family: Arial,sans-serif;\"><span style=\"font-size: medium;\">Geovanni Gonz\u00e1lez, gerente regional del Inces T\u00e1chira, inform\u00f3 que en esta oportunidad se visit\u00f3 la Escuela Bolivariana \u201cCarlos R\u00e1ngel L\u00e1mus\u201d ubicada en la ciudad de San Crist\u00f3bal, con el apoyo del profesor Servio Tulio Santos, director de la unidad educativa.<\/span><\/span><\/p>\n<p class=\"western\" style=\"text-align: justify;\">\u00a0<\/p>\n<p class=\"western\" style=\"text-align: justify;\">\u201c<span style=\"font-family: Arial,sans-serif;\"><span style=\"font-size: medium;\">Para nosotros el objetivo fundamental es la interacci\u00f3n con las diferentes escuelas que hacen vida en nuestro estado, crear un gran lazo y trabajar en unidad en beneficio de esta tierra tachirense y de quienes luchamos por ella\u201d <\/span><\/span><\/p>\n<p class=\"western\" style=\"text-align: justify;\">\u00a0<\/p>\n<p class=\"western\" style=\"text-align: justify;\"><span style=\"font-family: Arial,sans-serif;\"><span style=\"font-size: medium;\">Manifest\u00f3 Gonz\u00e1lez que durante los pr\u00f3ximos d\u00edas se iniciar\u00e1 la caracterizaci\u00f3n de todo el personal para identificar as\u00ed sus necesidades e intereses formativos, as\u00ed como el reconocer los saberes y destrezas emp\u00edricas con las que d\u00eda a d\u00eda se desempe\u00f1an.<\/span><\/span><\/p>\n<p class=\"western\" style=\"text-align: justify;\">\u00a0<\/p>\n<p class=\"western\" style=\"text-align: justify;\">\u201c<span style=\"font-family: Arial,sans-serif;\"><span style=\"font-size: medium;\">Los docentes tendr\u00e1n la oportunidad de elegir el curso de formaci\u00f3n que m\u00e1s les interese en \u00e1reas productivas como gastronom\u00eda, textil, agricultura urbana, entre otras, dictado por profesionales de nuestra instituci\u00f3n, dando inicio el pr\u00f3ximo mes de marzo del a\u00f1o en curso\u201d, agreg\u00f3.<\/span><\/span><\/p>\n<p class=\"western\" style=\"text-align: justify;\">\u00a0<\/p>\n<p class=\"western\" style=\"text-align: justify;\"><span style=\"font-family: Arial,sans-serif;\"><span style=\"font-size: medium;\">Dijo \u201cHoy iniciamos en la escuela \u201cCarlos Rangel Lamus\u201d pero progresivamente se estar\u00e1n abordando escuelas de los 29 municipios del estado\u201d<\/span><\/span><\/p>\n<p class=\"western\" style=\"text-align: justify;\">\u00a0<\/p>\n<p class=\"western\" style=\"text-align: justify;\"><span style=\"font-family: Arial,sans-serif;\"><span style=\"font-size: medium;\">Por su parte, Servio Santos coment\u00f3 \u201cagradecemos la presencia de Inces, ya que junto a nuestra organizaci\u00f3n podemos incorporar a nuestros docentes en la formaci\u00f3n de cursos que deseen emprender para su capacitaci\u00f3n\u201d.<img loading=\"lazy\" decoding=\"async\" class=\"size-full wp-image-12427 aligncenter\" src=\"http:\/\/www.inces.gob.ve\/wp-content\/uploads\/2018\/02\/1formaci\u00f3n-y-certificaci\u00f3n.jpg\" alt=\"\" width=\"850\" height=\"637\" \/><\/span><\/span><\/p>\n<p class=\"western\" style=\"text-align: justify;\">\u00a0<\/p>\n<p class=\"western\" style=\"text-align: justify;\"><span style=\"font-family: Arial,sans-serif;\"><span style=\"font-size: medium;\">Santos afirm\u00f3 que, como plan piloto, su personal se iniciar\u00e1 en la preparaci\u00f3n dentro del \u00e1mbito productivo para ser ejemplo y punta de lanza en esta iniciativa del Inces, y que de esta manera otros centros educativos tambi\u00e9n se unan.<\/span><\/span><\/p>\n<p class=\"western\" style=\"text-align: justify;\">\u00a0<\/p>\n<p class=\"western\" style=\"text-align: justify;\">\u201c<span style=\"font-family: Arial,sans-serif;\"><span style=\"font-size: medium;\">Inces cuenta con formadores capacitados en la preparaci\u00f3n de sus participantes, y aprovecharemos todas las herramientas de conocimiento que nos pueda facilitar este excelente centro de formaci\u00f3n\u201d finaliz\u00f3. <\/span><\/span><\/p>\n<p class=\"western\" style=\"text-align: justify;\">\u00a0<\/p>\n<p class=\"western\" style=\"text-align: justify;\"><span style=\"font-family: Arial,sans-serif;\"><span style=\"font-size: medium;\">T\/ Prensa Inces T\u00e1chira<\/span><\/span><\/p>\n<p class=\"western\" style=\"text-align: justify;\">\u00a0<\/p>\n<p class=\"western\" style=\"text-align: justify;\">\u00a0<\/p>\n<p class=\"western\" style=\"text-align: justify;\">\u00a0<\/p>\n","protected":false},"excerpt":{"rendered":"<p>** Inces T\u00e1chira va a la escuela<\/p>\n","protected":false},"author":15,"featured_media":12427,"comment_status":"closed","ping_status":"closed","sticky":false,"template":"","format":"aside","meta":{"footnotes":""},"categories":[2],"tags":[],"class_list":["post-12425","post","type-post","status-publish","format-aside","has-post-thumbnail","hentry","category-blog","post_format-post-format-aside"],"_links":{"self":[{"href":"https:\/\/inces.gob.ve\/index.php\/wp-json\/wp\/v2\/posts\/12425","targetHints":{"allow":["GET"]}}],"collection":[{"href":"https:\/\/inces.gob.ve\/index.php\/wp-json\/wp\/v2\/posts"}],"about":[{"href":"https:\/\/inces.gob.ve\/index.php\/wp-json\/wp\/v2\/types\/post"}],"author":[{"embeddable":true,"href":"https:\/\/inces.gob.ve\/index.php\/wp-json\/wp\/v2\/users\/15"}],"replies":[{"embeddable":true,"href":"https:\/\/inces.gob.ve\/index.php\/wp-json\/wp\/v2\/comments?post=12425"}],"version-history":[{"count":0,"href":"https:\/\/inces.gob.ve\/index.php\/wp-json\/wp\/v2\/posts\/12425\/revisions"}],"wp:featuredmedia":[{"embeddable":true,"href":"https:\/\/inces.gob.ve\/index.php\/wp-json\/"}],"wp:attachment":[{"href":"https:\/\/inces.gob.ve\/index.php\/wp-json\/wp\/v2\/media?parent=12425"}],"wp:term":[{"taxonomy":"category","embeddable":true,"href":"https:\/\/inces.gob.ve\/index.php\/wp-json\/wp\/v2\/categories?post=12425"},{"taxonomy":"post_tag","embeddable":true,"href":"https:\/\/inces.gob.ve\/index.php\/wp-json\/wp\/v2\/tags?post=12425"}],"curies":[{"name":"wp","href":"https:\/\/api.w.org\/{rel}","templated":true}]}}