{"id":12465,"date":"2018-02-27T10:42:35","date_gmt":"2018-02-27T16:42:35","guid":{"rendered":"http:\/\/www.inces.gob.ve\/?p=12465"},"modified":"2018-02-27T10:42:35","modified_gmt":"2018-02-27T16:42:35","slug":"jovenes-barineses-se-forman-oficio-electricidad-basica","status":"publish","type":"post","link":"https:\/\/inces.gob.ve\/index.php\/2018\/02\/27\/jovenes-barineses-se-forman-oficio-electricidad-basica\/","title":{"rendered":"J\u00f3venes Barineses se forman en el oficio de Electricidad B\u00e1sica"},"content":{"rendered":"<p style=\"text-align: justify;\" align=\"justify\"><em><strong>*** \u201cPrimer paso para seguir avanzando en materia de Electricidad con la formaci\u00f3n productiva\u201d<\/strong><\/em><!--more--><\/p>\n<p style=\"text-align: justify;\" align=\"justify\"><strong>Prensa Inces Barinas.-\u00a0 <\/strong>Desde los talleres de Inces Barinas, con el acompa\u00f1amiento de \u00c1lvaro Quintero, maestro t\u00e9cnico productivo (MTP), j\u00f3venes de la zona se forman para ser t\u00e9cnicos en Electricidad, iniciando con el proceso formativo de Electricidad B\u00e1sica, el cual les ofrece los conocimientos iniciales para adquirir destrezas y habilidades en el oficio.<\/p>\n<p style=\"text-align: justify;\" align=\"justify\">Quintero inform\u00f3 que la formaci\u00f3n est\u00e1 dirigida a toda la poblaci\u00f3n sin distinci\u00f3n de g\u00e9nero, edad o nivel educativo. La juventud productiva, que en aras de contribuir con el desarrollo e impulso del nuevo modelo econ\u00f3mico socialista, han sido siempre quienes acuden en mayor n\u00famero a formarse.<\/p>\n<p style=\"text-align: justify;\" align=\"justify\">Asimismo, inform\u00f3 el maestro \u00c1lvaro Quintero, que los j\u00f3venes inician su preparaci\u00f3n conociendo los principios b\u00e1sicos de la Electricidad, donde se familiarizan con las herramientas manuales (destornilladores, piquetas de corte, pinza de punta y alicate, entre otros), equipos de mediciones el\u00e9ctricos (tester anal\u00f3gico, tester digital, voltio amper\u00edmetro, entre otros), as\u00ed como el material con el que deben trabajar, como tipos de conductores de diferente calibraci\u00f3n y la capacidad de amperaje de cada uno de ellos, tuber\u00edas galvanizadas y tuber\u00eda PVC con todos sus implementos, adem\u00e1s de conocer qu\u00e9 es un circuito el\u00e9ctrico, una instalaci\u00f3n residencial, un tablero principal, una distribuci\u00f3n de circuito principal, en serie, en paralelo, en three way y aprender a elaborar un plano para el levantamiento de circuitos el\u00e9ctricos.<\/p>\n<p style=\"text-align: justify;\" align=\"justify\">Esto se realiza con una fase te\u00f3rica y otra pr\u00e1ctica, la pr\u00e1ctica puede ser realizada dentro del taller y en situaciones reales como, por ejemplo, mantenimiento de conexiones el\u00e9ctricas en las oficinas de nuestra instituci\u00f3n, para las que cuentan con insumos, en su mayor parte del taller formativo, as\u00ed como tambi\u00e9n por autogesti\u00f3n, con materiales que pueden contar los participantes como por ejemplo: conductores, cables, teipe, herramientas manuales.<\/p>\n<p style=\"text-align: justify;\" align=\"justify\">Cabe resaltar que esta formaci\u00f3n es el paso inicial para seguir avanzando en materia de electricidad, ya que ofrece los conocimientos, habilidades y destrezas necesarias para que los participantes puedan seguir fortaleciendo sus conocimientos y desarroll\u00e1ndose en actividades productivas tales como la reparaci\u00f3n de artefactos electrodom\u00e9sticos, de instalaciones el\u00e9ctricas residencial y comercial y planificaci\u00f3n y elaboraci\u00f3n de planos el\u00e9ctricos.<\/p>\n<p style=\"text-align: justify;\" align=\"justify\">Esta formaci\u00f3n, para cada joven, representa un avance no solo a nivel de adquirir un nuevo conocimiento, sino para que pueda tener una mejor calidad de vida, impulsando iniciativas socio-productivas en beneficio de la comunidad y su entorno.<\/p>\n<p style=\"text-align: justify;\" align=\"justify\"><strong>T\/ Hirasyanel Bayona<\/strong><\/p>\n","protected":false},"excerpt":{"rendered":"<p>*** \u201cPrimer paso para seguir avanzando en materia de Electricidad con la formaci\u00f3n productiva\u201d<\/p>\n","protected":false},"author":15,"featured_media":12466,"comment_status":"closed","ping_status":"closed","sticky":false,"template":"","format":"aside","meta":{"footnotes":""},"categories":[2],"tags":[],"class_list":["post-12465","post","type-post","status-publish","format-aside","has-post-thumbnail","hentry","category-blog","post_format-post-format-aside"],"_links":{"self":[{"href":"https:\/\/inces.gob.ve\/index.php\/wp-json\/wp\/v2\/posts\/12465","targetHints":{"allow":["GET"]}}],"collection":[{"href":"https:\/\/inces.gob.ve\/index.php\/wp-json\/wp\/v2\/posts"}],"about":[{"href":"https:\/\/inces.gob.ve\/index.php\/wp-json\/wp\/v2\/types\/post"}],"author":[{"embeddable":true,"href":"https:\/\/inces.gob.ve\/index.php\/wp-json\/wp\/v2\/users\/15"}],"replies":[{"embeddable":true,"href":"https:\/\/inces.gob.ve\/index.php\/wp-json\/wp\/v2\/comments?post=12465"}],"version-history":[{"count":0,"href":"https:\/\/inces.gob.ve\/index.php\/wp-json\/wp\/v2\/posts\/12465\/revisions"}],"wp:featuredmedia":[{"embeddable":true,"href":"https:\/\/inces.gob.ve\/index.php\/wp-json\/"}],"wp:attachment":[{"href":"https:\/\/inces.gob.ve\/index.php\/wp-json\/wp\/v2\/media?parent=12465"}],"wp:term":[{"taxonomy":"category","embeddable":true,"href":"https:\/\/inces.gob.ve\/index.php\/wp-json\/wp\/v2\/categories?post=12465"},{"taxonomy":"post_tag","embeddable":true,"href":"https:\/\/inces.gob.ve\/index.php\/wp-json\/wp\/v2\/tags?post=12465"}],"curies":[{"name":"wp","href":"https:\/\/api.w.org\/{rel}","templated":true}]}}