{"id":12469,"date":"2018-02-27T11:07:32","date_gmt":"2018-02-27T17:07:32","guid":{"rendered":"http:\/\/www.inces.gob.ve\/?p=12469"},"modified":"2018-02-27T11:07:32","modified_gmt":"2018-02-27T17:07:32","slug":"jornada-trabajo-voluntario-mantenimiento-preventivo-llego-la-eb-carmen-tovar","status":"publish","type":"post","link":"https:\/\/inces.gob.ve\/index.php\/2018\/02\/27\/jornada-trabajo-voluntario-mantenimiento-preventivo-llego-la-eb-carmen-tovar\/","title":{"rendered":"Jornada de Trabajo Voluntario y de Mantenimiento Preventivo lleg\u00f3 a la EB Carmen de Tovar"},"content":{"rendered":"<p lang=\"es-MX\" style=\"text-align: justify;\" align=\"justify\"><strong><em>*** 532 escuelas realizaron simult\u00e1neamente la Jornada denominada \u201cEsta es mi escuela\u201d en el estado Falc\u00f3n<\/em><\/strong><!--more--><\/p>\n<p lang=\"es-MX\" style=\"text-align: justify;\" align=\"justify\"><strong>Prensa Inces Falc\u00f3n.-<\/strong> Bajo un ambiente de cordialidad y unidad, durante este fin de semana se desarroll\u00f3 la II Jornada de Trabajo Voluntario y Mantenimiento Preventivo en escuelas del estado Falc\u00f3n; estrategia impulsada desde el Ministerio del Poder Popular para la Educaci\u00f3n (Mppe) con la finalidad de cultivar en los centros educativos el sentido de pertenencia en maestros, alumnos, obreros, personal administrativo, padres, representantes y comunidades del punto y c\u00edrculo de cada una de las escuelas.<\/p>\n<p lang=\"es-MX\" align=\"justify\">\u00a0<\/p>\n<p lang=\"es-MX\" style=\"text-align: justify;\" align=\"justify\">Marelys Castro, autoridad colectiva de Educaci\u00f3n en el estado Falc\u00f3n, inform\u00f3 que la actividad impulsada por el ministro El\u00edas Jaua, el gobernador V\u00edctor Clark y el presidente Nicol\u00e1s Maduro busca crear sentido de pertenencia y corresponsabilidad en todos los que hacen vida es los espacios educativos.<\/p>\n<p lang=\"es-MX\" align=\"justify\">\u00a0<\/p>\n<p lang=\"es-MX\" style=\"text-align: justify;\" align=\"justify\">Comunic\u00f3 Castro que durante la actividad desarrollada en la Escuela Bolivariana \u201cCarmen de Tovar\u201d se realizaron actividades de restauraci\u00f3n de mesas-sillas, siembras de plantas, recolecci\u00f3n de basuras, actividades culturales, poda de \u00e1rboles, mantenimiento de los conucos escolares, reparaciones menores en las \u00e1reas de electricidad y tuber\u00edas de aguas blancas, entre otras importantes para el remozamiento de los espacios que favorecen los procesos educativos de miles de ni\u00f1os y ni\u00f1as en Falc\u00f3n.<\/p>\n<p lang=\"es-MX\" align=\"justify\">\u00a0<\/p>\n<p lang=\"es-MX\" align=\"justify\"><img loading=\"lazy\" decoding=\"async\" class=\"size-full wp-image-12472 aligncenter\" src=\"http:\/\/www.inces.gob.ve\/wp-content\/uploads\/2018\/02\/Falc\u00f3n-1-mantenimientoo-27.2.28.jpg\" alt=\"\" width=\"800\" height=\"533\" \/><\/p>\n<p lang=\"es-MX\" align=\"justify\">\u00a0<\/p>\n<p lang=\"es-MX\" style=\"text-align: justify;\" align=\"justify\">\u201cAplaudo la participaci\u00f3n del Inces quien est\u00e1 certificando saberes y nosotros como educaci\u00f3n, valoramos significativamente el hecho de que est\u00e9 participando en esta jornada reconociendo el saber popular del pueblo, juntos podemos m\u00e1s\u201d, puntualiz\u00f3 Castro.<\/p>\n<p lang=\"es-MX\" align=\"justify\">\u00a0<\/p>\n<p lang=\"es-MX\" style=\"text-align: justify;\" align=\"justify\">Por su parte la directora de la Unidad Educativa, Mireya Reyes, manifest\u00f3 su complacencia por la asistencia de todas las divisiones de la Zona Educativa y de instituciones adscritas al Ministerio de Educaci\u00f3n, como el Instituto Nacional de Capacitaci\u00f3n y Educaci\u00f3n Socialista (Inces), Fundaci\u00f3n de Edificaciones y Dotaciones Educativas (Fede), Programa Todas las Manos a la Siembra, Universidad de la Seguridad (Unes), Plan Chamba Juvenil, Misi\u00f3n Ribas, personal administrativo, docente, obrero y de la comunidad del punto y c\u00edrculo, quienes se sumaron a esta maravillosa idea.<\/p>\n<p lang=\"es-MX\" align=\"justify\">\u00a0<\/p>\n<p lang=\"es-MX\" style=\"text-align: justify;\" align=\"justify\">Durante la actividad la Unidad de Tecnolog\u00eda Educativa del Inces Falc\u00f3n entreg\u00f3 constancias por acreditaci\u00f3n de conocimientos por experiencias en ejercicio de saberes emp\u00edricos y acad\u00e9micos a personal de la instituci\u00f3n y de la comunidad en las \u00e1reas de: Huerto Familiar, Agroecolog\u00eda y Desarrollo Sustentable, Manejo de Controladores Biol\u00f3gicos, Construcci\u00f3n de Semilleros, Ensemillamiento, Lombricultura y Cosecha del Agua.<\/p>\n<p lang=\"es-MX\" align=\"justify\">\u00a0<\/p>\n<p lang=\"es-MX\" align=\"justify\"><img loading=\"lazy\" decoding=\"async\" class=\"size-full wp-image-12470 aligncenter\" src=\"http:\/\/www.inces.gob.ve\/wp-content\/uploads\/2018\/02\/Falc\u00f3n-Mantenimiento-27.2.18.jpg\" alt=\"\" width=\"800\" height=\"533\" \/><\/p>\n<p lang=\"es-MX\" align=\"justify\">\u00a0<\/p>\n<p lang=\"es-MX\" style=\"text-align: justify;\" align=\"justify\">Finalmente los ni\u00f1os de la Brigada Conservacionista de la instituci\u00f3n, Isa Jord\u00e1n y Saray Petit, manifestaron estar felices por las actividad que se desarrolla en funci\u00f3n de brindar mejores espacios para el desarrollo de los procesos formativos en su escuela. Indicaron que algo importante que se est\u00e1 dando en su escuela es que ellos han aprendido a sembrar cultivos de berenjena, ceboll\u00edn, pepino, frijol, aj\u00ed dulce, auyama, perejil y de plantas medicinales, lo cual los llena de orgullo porque est\u00e1n produciendo alimentos para el comedor de su escuela, \u201cestamos consumiendo alimentos sembrados por nosotros mismos y estamos felices\u201d.<\/p>\n<p lang=\"es-MX\" align=\"justify\">\u00a0<\/p>\n<p lang=\"es-MX\" style=\"text-align: justify;\" align=\"justify\"><strong>T\/ Miriam Gonz\u00e1lez Villarroel<\/strong><\/p>\n","protected":false},"excerpt":{"rendered":"<p>*** 532 escuelas realizaron simult\u00e1neamente la Jornada denominada \u201cEsta es mi escuela\u201d en el estado Falc\u00f3n<\/p>\n","protected":false},"author":15,"featured_media":12471,"comment_status":"closed","ping_status":"closed","sticky":false,"template":"","format":"aside","meta":{"footnotes":""},"categories":[2],"tags":[],"class_list":["post-12469","post","type-post","status-publish","format-aside","has-post-thumbnail","hentry","category-blog","post_format-post-format-aside"],"_links":{"self":[{"href":"https:\/\/inces.gob.ve\/index.php\/wp-json\/wp\/v2\/posts\/12469","targetHints":{"allow":["GET"]}}],"collection":[{"href":"https:\/\/inces.gob.ve\/index.php\/wp-json\/wp\/v2\/posts"}],"about":[{"href":"https:\/\/inces.gob.ve\/index.php\/wp-json\/wp\/v2\/types\/post"}],"author":[{"embeddable":true,"href":"https:\/\/inces.gob.ve\/index.php\/wp-json\/wp\/v2\/users\/15"}],"replies":[{"embeddable":true,"href":"https:\/\/inces.gob.ve\/index.php\/wp-json\/wp\/v2\/comments?post=12469"}],"version-history":[{"count":0,"href":"https:\/\/inces.gob.ve\/index.php\/wp-json\/wp\/v2\/posts\/12469\/revisions"}],"wp:featuredmedia":[{"embeddable":true,"href":"https:\/\/inces.gob.ve\/index.php\/wp-json\/"}],"wp:attachment":[{"href":"https:\/\/inces.gob.ve\/index.php\/wp-json\/wp\/v2\/media?parent=12469"}],"wp:term":[{"taxonomy":"category","embeddable":true,"href":"https:\/\/inces.gob.ve\/index.php\/wp-json\/wp\/v2\/categories?post=12469"},{"taxonomy":"post_tag","embeddable":true,"href":"https:\/\/inces.gob.ve\/index.php\/wp-json\/wp\/v2\/tags?post=12469"}],"curies":[{"name":"wp","href":"https:\/\/api.w.org\/{rel}","templated":true}]}}