{"id":12524,"date":"2018-02-28T09:19:34","date_gmt":"2018-02-28T15:19:34","guid":{"rendered":"http:\/\/www.inces.gob.ve\/?p=12524"},"modified":"2018-02-28T09:19:34","modified_gmt":"2018-02-28T15:19:34","slug":"aprendices-monagas-protagonizaron-trabajo-voluntario-cfs-simon-rodriguez","status":"publish","type":"post","link":"https:\/\/inces.gob.ve\/index.php\/2018\/02\/28\/aprendices-monagas-protagonizaron-trabajo-voluntario-cfs-simon-rodriguez\/","title":{"rendered":"Aprendices de Monagas protagonizaron trabajo voluntario en CFS \u201cSim\u00f3n Rodr\u00edguez\u201d"},"content":{"rendered":"<p style=\"text-align: justify;\" align=\"left\"><em><strong>***El embellecimiento de los espacios formativos es una tarea permanente de la Gerencia Regional de Monagas<\/strong><\/em><!--more--><\/p>\n<p align=\"justify\">\u00a0<\/p>\n<p style=\"text-align: justify;\" align=\"justify\"><strong>Prensa Inces Monagas.-<\/strong> Como parte del permanente actualizaci\u00f3n del Instituto Nacional de Capacitaci\u00f3n y Educaci\u00f3n Socialista (Inces) en Monagas y de la activaci\u00f3n de espacios para la formaci\u00f3n de los j\u00f3venes del Plan Chamba Juvenil se realiz\u00f3 una actividad denominada \u201cUn cari\u00f1o para mi centro\u201d que consisti\u00f3 en la limpieza, desmalezamiento, siembra y pintura en las instalaciones del CFS \u201cSim\u00f3n Rodr\u00edguez\u201d.<\/p>\n<p align=\"justify\">\u00a0<\/p>\n<p style=\"text-align: justify;\" align=\"justify\">Los j\u00f3venes que actualmente hacen vida en la mencionada casa de estudios y los nuevos chamos que se incorporar\u00e1n a la formaci\u00f3n a trav\u00e9s del Plan Chamba Juvenil fueron parte fundamental para el desarrollo de la jornada en donde aportaron un granito de arena para darle una transformaci\u00f3n a lo que consideran su segunda casa.<\/p>\n<p align=\"justify\">\u00a0<\/p>\n<p align=\"justify\"><img loading=\"lazy\" decoding=\"async\" class=\"size-full wp-image-12525 aligncenter\" src=\"http:\/\/www.inces.gob.ve\/wp-content\/uploads\/2018\/02\/Monagas-jornadas-voluntaria-28.2.18.jpg\" alt=\"\" width=\"4320\" height=\"3240\" \/><\/p>\n<p align=\"justify\">\u00a0<\/p>\n<p style=\"text-align: justify;\" align=\"justify\">Con referencia a lo anterior, William N\u00fa\u00f1ez, gerente regional, felicit\u00f3 la iniciativa y manifest\u00f3 que la idea de la actividad voluntaria est\u00e1 enmarcada dentro de los valores \u00e9ticos y morales del trabajo voluntario orientado por Ernesto \u201cChe\u201d Guevara para crear conciencia y sentido de pertenencia en los muchachos y muchachas.<\/p>\n<p align=\"justify\">\u00a0<\/p>\n<p style=\"text-align: justify;\" align=\"justify\">Por su parte, los aprendices manifestaron su apoyo a estas y otras actividades que contribuyen a la convivencia, a la interacci\u00f3n y al crecimiento como ser humano.<\/p>\n<p align=\"justify\">\u00a0<\/p>\n<p style=\"text-align: justify;\" align=\"left\"><strong>T\/ Mari\u00e1ngel Henr\u00edquez<\/strong><\/p>\n","protected":false},"excerpt":{"rendered":"<p>***El embellecimiento de los espacios formativos es una tarea permanente de la Gerencia Regional de Monagas<\/p>\n","protected":false},"author":4,"featured_media":12526,"comment_status":"closed","ping_status":"closed","sticky":false,"template":"","format":"aside","meta":{"footnotes":""},"categories":[2],"tags":[],"class_list":["post-12524","post","type-post","status-publish","format-aside","has-post-thumbnail","hentry","category-blog","post_format-post-format-aside"],"_links":{"self":[{"href":"https:\/\/inces.gob.ve\/index.php\/wp-json\/wp\/v2\/posts\/12524","targetHints":{"allow":["GET"]}}],"collection":[{"href":"https:\/\/inces.gob.ve\/index.php\/wp-json\/wp\/v2\/posts"}],"about":[{"href":"https:\/\/inces.gob.ve\/index.php\/wp-json\/wp\/v2\/types\/post"}],"author":[{"embeddable":true,"href":"https:\/\/inces.gob.ve\/index.php\/wp-json\/wp\/v2\/users\/4"}],"replies":[{"embeddable":true,"href":"https:\/\/inces.gob.ve\/index.php\/wp-json\/wp\/v2\/comments?post=12524"}],"version-history":[{"count":0,"href":"https:\/\/inces.gob.ve\/index.php\/wp-json\/wp\/v2\/posts\/12524\/revisions"}],"wp:featuredmedia":[{"embeddable":true,"href":"https:\/\/inces.gob.ve\/index.php\/wp-json\/"}],"wp:attachment":[{"href":"https:\/\/inces.gob.ve\/index.php\/wp-json\/wp\/v2\/media?parent=12524"}],"wp:term":[{"taxonomy":"category","embeddable":true,"href":"https:\/\/inces.gob.ve\/index.php\/wp-json\/wp\/v2\/categories?post=12524"},{"taxonomy":"post_tag","embeddable":true,"href":"https:\/\/inces.gob.ve\/index.php\/wp-json\/wp\/v2\/tags?post=12524"}],"curies":[{"name":"wp","href":"https:\/\/api.w.org\/{rel}","templated":true}]}}