{"id":12554,"date":"2018-02-28T13:57:39","date_gmt":"2018-02-28T19:57:39","guid":{"rendered":"http:\/\/www.inces.gob.ve\/?p=12554"},"modified":"2018-02-28T13:57:39","modified_gmt":"2018-02-28T19:57:39","slug":"cfs-matias-salazar-al-servicio-beneficiarios-del-carnet-la-patria","status":"publish","type":"post","link":"https:\/\/inces.gob.ve\/index.php\/2018\/02\/28\/cfs-matias-salazar-al-servicio-beneficiarios-del-carnet-la-patria\/","title":{"rendered":"CFS Mat\u00edas Salazar al servicio de beneficiarios del Carnet de la Patria"},"content":{"rendered":"<p class=\"western\" style=\"text-align: justify;\"><span style=\"font-family: Arial,sans-serif;\"><i><b>** J\u00f3venes y adultos de la patria se movilizan por el implemento de tecnolog\u00eda QR<\/b><\/i><\/span><\/p>\n<p class=\"western\" style=\"text-align: justify;\"><!--more-->\n <\/p>\n<p class=\"western\" style=\"text-align: justify;\"><span style=\"font-family: Arial,sans-serif;\"><b>Prensa Inces Cojedes.-<\/b> En apoyo a los procesos de registro de la Billetera Movil , el colectivo de maestros y promotores t\u00e9cnico productivos del Centro de Formaci\u00f3n Socialista \u201cMat\u00edas Salazar\u201d registraron a miembros del Comit\u00e9 Locales de Abastecimiento y Producci\u00f3n, (Clap) San Jos\u00e9, del sector Las Granjitas,en la plataforma m\u00f3vil para que optar a realizar sus respectivos pagos del beneficio de la bolsa Clap de forma Electr\u00f3nica. <img loading=\"lazy\" decoding=\"async\" class=\"size-full wp-image-12555 aligncenter\" src=\"http:\/\/www.inces.gob.ve\/wp-content\/uploads\/2018\/02\/3Carnet-de-la-Patria-.jpg\" alt=\"\" width=\"808\" height=\"788\" \/><\/span><\/p>\n<p class=\"western\" style=\"text-align: justify;\">\n <\/p>\n<p class=\"western\" style=\"text-align: justify;\"><span style=\"font-family: Arial,sans-serif;\">La jornada se realiz\u00f3 de manera organizada, atendiendo a j\u00f3venes y adultos del Clap San Jos\u00e9 del sector Las Granjitas, que presentaron su respectivo Carnet de la Patria. Estas jornadas se vienen realizando en todo el territorio nacional, como un beneficio que otorga el gobierno revolucionario de Nicol\u00e1s Maduro, para la protecci\u00f3n social al pueblo para hacer frente a la guerra econ\u00f3mica. <\/span><\/p>\n<p class=\"western\" style=\"text-align: justify;\">\n <\/p>\n<p class=\"western\" style=\"text-align: justify;\">\u201c<span style=\"font-family: Arial,sans-serif;\">Estamos aportando nuestro granito de arena, a los usuarios del Carnet de la patria y realizando el registro que permite hacer la billetera m\u00f3vil, para que el pueblo puede acceder a muchos beneficios que otorga este instrumento in\u00e9dito de nuestro gobierno protector\u201d, explic\u00f3 la maestra t\u00e9cnico productivo, Sandra P\u00e9rez. <img loading=\"lazy\" decoding=\"async\" class=\"size-full wp-image-12556 aligncenter\" src=\"http:\/\/www.inces.gob.ve\/wp-content\/uploads\/2018\/02\/2Carnet-de-la-Patria-.jpg\" alt=\"\" width=\"810\" height=\"810\" \/><\/span><\/p>\n<p class=\"western\" style=\"text-align: justify;\">\n <\/p>\n<p class=\"western\" style=\"text-align: justify;\">\u201c<span style=\"font-family: Arial,sans-serif;\">Nuestras aulas y laboratorios son espacios del pueblo y para el pueblo, por ello el trabajo que hacemos de manera colectiva en nuestro centro de formaci\u00f3n va dirigido a prestar apoyo a las tareas que nos asigna la revoluci\u00f3n\u201d, indic\u00f3 la responsable Yanetsi Ju\u00e1rez. <\/span><\/p>\n<p class=\"western\" style=\"text-align: justify;\">\n <\/p>\n<p class=\"western\" style=\"text-align: justify;\"><span style=\"font-family: Arial,sans-serif;\">Por su parte, el responsable de Inces en Cojedes, Jos\u00e9 Antonio Mart\u00ednez, indic\u00f3 que \u201ctodos tenemos confianza y fe en las buenas acciones de nuestro gobierno socialista, el carnet es un instrumento de paz; es un instrumento que nos ayuda en tiempos dif\u00edciles y es un instrumento que llega a millones de venezolanos, sin ning\u00fan tipo de distinci\u00f3n pol\u00edtica, ideol\u00f3gica, religiosa o cultural\u201d. <img loading=\"lazy\" decoding=\"async\" class=\"size-full wp-image-12557 aligncenter\" src=\"http:\/\/www.inces.gob.ve\/wp-content\/uploads\/2018\/02\/1Carnet-de-la-Patria-.jpg\" alt=\"\" width=\"850\" height=\"638\" \/><\/span><\/p>\n<p class=\"western\" style=\"text-align: justify;\">\n <\/p>\n<p class=\"western\" style=\"text-align: justify;\"><span style=\"font-family: Arial,sans-serif;\">T\/ Sandra Loaiza\/Natali Reyes<\/span><\/p>\n","protected":false},"excerpt":{"rendered":"<p>** J\u00f3venes y adultos de la patria se movilizan por el implemento de tecnolog\u00eda QR<\/p>\n","protected":false},"author":15,"featured_media":12557,"comment_status":"closed","ping_status":"closed","sticky":false,"template":"","format":"aside","meta":{"footnotes":""},"categories":[2],"tags":[],"class_list":["post-12554","post","type-post","status-publish","format-aside","has-post-thumbnail","hentry","category-blog","post_format-post-format-aside"],"_links":{"self":[{"href":"https:\/\/inces.gob.ve\/index.php\/wp-json\/wp\/v2\/posts\/12554","targetHints":{"allow":["GET"]}}],"collection":[{"href":"https:\/\/inces.gob.ve\/index.php\/wp-json\/wp\/v2\/posts"}],"about":[{"href":"https:\/\/inces.gob.ve\/index.php\/wp-json\/wp\/v2\/types\/post"}],"author":[{"embeddable":true,"href":"https:\/\/inces.gob.ve\/index.php\/wp-json\/wp\/v2\/users\/15"}],"replies":[{"embeddable":true,"href":"https:\/\/inces.gob.ve\/index.php\/wp-json\/wp\/v2\/comments?post=12554"}],"version-history":[{"count":0,"href":"https:\/\/inces.gob.ve\/index.php\/wp-json\/wp\/v2\/posts\/12554\/revisions"}],"wp:featuredmedia":[{"embeddable":true,"href":"https:\/\/inces.gob.ve\/index.php\/wp-json\/"}],"wp:attachment":[{"href":"https:\/\/inces.gob.ve\/index.php\/wp-json\/wp\/v2\/media?parent=12554"}],"wp:term":[{"taxonomy":"category","embeddable":true,"href":"https:\/\/inces.gob.ve\/index.php\/wp-json\/wp\/v2\/categories?post=12554"},{"taxonomy":"post_tag","embeddable":true,"href":"https:\/\/inces.gob.ve\/index.php\/wp-json\/wp\/v2\/tags?post=12554"}],"curies":[{"name":"wp","href":"https:\/\/api.w.org\/{rel}","templated":true}]}}