{"id":12567,"date":"2018-03-01T09:09:26","date_gmt":"2018-03-01T15:09:26","guid":{"rendered":"http:\/\/www.inces.gob.ve\/?p=12567"},"modified":"2018-03-01T09:09:26","modified_gmt":"2018-03-01T15:09:26","slug":"inces-sucre-avanza-la-formacion-pueblo","status":"publish","type":"post","link":"https:\/\/inces.gob.ve\/index.php\/2018\/03\/01\/inces-sucre-avanza-la-formacion-pueblo\/","title":{"rendered":"Inces Sucre avanza en la formaci\u00f3n para el pueblo"},"content":{"rendered":"<p style=\"text-align: justify;\"><span style=\"font-family: Arial,sans-serif;\">** <i><b>De cara a las exigencias del poder popular, el Inces Sucre contin\u00faa abocado a brindar una formaci\u00f3n de calidad que apoye el potencial de esa entidad. <\/b><\/i><\/span><\/p>\n<p style=\"text-align: justify;\"><!--more--><\/p>\n<p>&nbsp;<\/p>\n<p style=\"text-align: justify;\"><span style=\"font-family: Arial,sans-serif;\"><b>Prensa Inces Sucre.<\/b>-A trav\u00e9s del Programa Turismo, el Inces se encuentra inmerso en las comunidades, atendiendo a la poblaci\u00f3n joven y adulta, con la formaci\u00f3n en \u00e1reas como: cocina, cocteler\u00eda, atenci\u00f3n al p\u00fablico, servicios de hoteler\u00eda, entre otras.<img loading=\"lazy\" decoding=\"async\" class=\"alignnone size-full wp-image-12572\" src=\"http:\/\/www.inces.gob.ve\/wp-content\/uploads\/2018\/03\/1-formaci\u00f3n.jpg\" alt=\"\" width=\"850\" height=\"638\" \/><\/span><\/p>\n<p style=\"text-align: justify;\"><span style=\"font-family: Arial,sans-serif;\">Por su parte, el Programa Adiestramiento en Empresas est\u00e1 presente en las empresas recuperadas por el Estado, entidades de trabajo RONCA, brindando y fortaleciendo las virtudes de la clase obrera, con el firme prop\u00f3sito de que cuenten con mejores ambientes de trabajo, gracuas a los talleres de \u00abConstrucci\u00f3n Colectiva de la Sensibilazacion\u00bb. <img loading=\"lazy\" decoding=\"async\" class=\"size-full wp-image-12568 aligncenter\" src=\"http:\/\/www.inces.gob.ve\/wp-content\/uploads\/2018\/03\/5-formaci\u00f3n.jpg\" alt=\"\" width=\"850\" height=\"638\" \/><\/span><\/p>\n<p style=\"text-align: justify;\"><span style=\"font-family: Arial,sans-serif;\">Por su parte, el Programa Salud, acompa\u00f1ado de los CLP, UBCH, Consejos Comunales y pueblo organizado, llev\u00f3 a cabo las charlas previas al inicio del Curso de Primeros Auxilios, el cual se impartir\u00e1 en la parroquia Raul Leoni, espec\u00edficamente en Santa Fe, atendiendo con este a la poblaci\u00f3n joven de esta comunidad. <\/span><\/p>\n<p>&nbsp;<\/p>\n<p style=\"text-align: justify;\"><span style=\"font-family: Arial,sans-serif;\">Al respecto, Audin Navarro, gerente regional del Inces Sucre, dijo que \u00abya son muchas las demandas de nuestro pueblo para formarse en saberes que sean de beneficio para sus comunidades. Junto al Gobierno Nacional y Regional estamos abocados a esas exigencias formativas, que contribuyan a fortalecer a Sucre en un estado productivo, donde el pueblo sea el primer constructor de su econom\u00eda potencia\u00bb.<img loading=\"lazy\" decoding=\"async\" class=\"size-full wp-image-12570 aligncenter\" src=\"http:\/\/www.inces.gob.ve\/wp-content\/uploads\/2018\/03\/3-formaci\u00f3n.jpg\" alt=\"\" width=\"850\" height=\"478\" \/><\/span><\/p>\n<p style=\"text-align: justify;\">\u00a0<\/p>\n<p style=\"text-align: justify;\"><span style=\"font-family: Arial,sans-serif;\">Articulaci\u00f3n interinstitucional para el Sucre potencia<\/span><\/p>\n<p style=\"text-align: justify;\"><span style=\"font-family: Arial,sans-serif;\">Inces Sucre tambi\u00e9n se encuentra participando en el Plan de Mantenimiento \u00abEsta es mi Escuela\u00bb, en el preescolar \u00abCascajal II\u00bb con jornadas de limpieza, pintura, ornato y reparaciones menores, y en el liceo Bolivariano \u00abLemus Perez\u00bb, con la reparaci\u00f3n de las instalaciones el\u00e9ctricas.<\/span><\/p>\n<p style=\"text-align: justify;\"><img loading=\"lazy\" decoding=\"async\" class=\"alignnone size-full wp-image-12571\" src=\"http:\/\/www.inces.gob.ve\/wp-content\/uploads\/2018\/03\/2-formaci\u00f3n.jpg\" alt=\"\" width=\"850\" height=\"478\" \/><\/p>\n<p style=\"text-align: justify;\"><span style=\"font-family: Arial,sans-serif;\">Y para fortalecer los espacios formativos del Centro de Formaci\u00f3n Socialista (CFS) Tunapuy, la Gerencia Regional Sucre, sostuvo un encuentro con el equipo de la gobernaci\u00f3n de ese estado y Fondas para articular proyectos que fortalezcan este centro, promover intercambios de saberes, experiencias y m\u00e9todos que permitan darle respuestas m\u00e1s eficaces al pueblo.<\/span><\/p>\n<p>&nbsp;<\/p>\n<p style=\"text-align: justify;\"><span style=\"font-family: Arial,sans-serif;\">Esto en alianza y con el apoyo de la alcald\u00eda Bolivariana del municipio Libertador y su alcalde Nelson Aliendres, quien en encuentro sostenido con autoridades del Inces Sucre, unificaron criterios para la articulaci\u00f3n interinstitucional, con el objetivo de promover formaciones dentro de los espacios Inces y en las comunidades que fortalezcan la producci\u00f3n agr\u00edcola y pecuaria de este municipio, promoviendo ante todo el intercambio de saberes entre todas sus comunidades. <img loading=\"lazy\" decoding=\"async\" class=\"size-full wp-image-12569 aligncenter\" src=\"http:\/\/www.inces.gob.ve\/wp-content\/uploads\/2018\/03\/4-formaci\u00f3n.jpg\" alt=\"\" width=\"700\" height=\"525\" \/><\/span><\/p>\n<p style=\"text-align: justify;\"><span style=\"font-family: Arial,sans-serif;\">\u00abVamos hac\u00eda la construcci\u00f3n de un municipio Libertador potencia. Para ello requerimos del apoyo de todos los entes, instituciones y por supuesto del pueblo, quienes estamos seguros contribuir\u00e1n para hacer de este municipio el m\u00e1s fortalecido en el \u00e1rea agr\u00edcola, pecuaria y hasta bovina\u00bb, expres\u00f3 Nelson Aliendres, alcalde. <\/span><\/p>\n<p>&nbsp;<\/p>\n<p style=\"text-align: justify;\"><span style=\"font-family: Arial,sans-serif;\">Inces Sucre inicia un 2018 adaptado a las necesidades sociales y comunitarias del poder popular.\u00a0 Y juntos, pueblo y Gobierno, trabajan arduamente en la construcci\u00f3n del Sucre p&lt;Gotencia. <\/span><\/p>\n<p style=\"text-align: justify;\"><span style=\"font-family: Arial,sans-serif;\">T\/ Dayana Albarr\u00e1n<\/span><\/p>\n<p style=\"text-align: justify;\">\u00a0<\/p>\n","protected":false},"excerpt":{"rendered":"<p>** De cara a las exigencias del poder popular, el Inces Sucre contin\u00faa abocado a brindar una formaci\u00f3n de calidad que apoye el potencial de esa entidad.<\/p>\n","protected":false},"author":15,"featured_media":12569,"comment_status":"closed","ping_status":"closed","sticky":false,"template":"","format":"aside","meta":{"footnotes":""},"categories":[2],"tags":[],"class_list":["post-12567","post","type-post","status-publish","format-aside","has-post-thumbnail","hentry","category-blog","post_format-post-format-aside"],"_links":{"self":[{"href":"https:\/\/inces.gob.ve\/index.php\/wp-json\/wp\/v2\/posts\/12567","targetHints":{"allow":["GET"]}}],"collection":[{"href":"https:\/\/inces.gob.ve\/index.php\/wp-json\/wp\/v2\/posts"}],"about":[{"href":"https:\/\/inces.gob.ve\/index.php\/wp-json\/wp\/v2\/types\/post"}],"author":[{"embeddable":true,"href":"https:\/\/inces.gob.ve\/index.php\/wp-json\/wp\/v2\/users\/15"}],"replies":[{"embeddable":true,"href":"https:\/\/inces.gob.ve\/index.php\/wp-json\/wp\/v2\/comments?post=12567"}],"version-history":[{"count":0,"href":"https:\/\/inces.gob.ve\/index.php\/wp-json\/wp\/v2\/posts\/12567\/revisions"}],"wp:featuredmedia":[{"embeddable":true,"href":"https:\/\/inces.gob.ve\/index.php\/wp-json\/"}],"wp:attachment":[{"href":"https:\/\/inces.gob.ve\/index.php\/wp-json\/wp\/v2\/media?parent=12567"}],"wp:term":[{"taxonomy":"category","embeddable":true,"href":"https:\/\/inces.gob.ve\/index.php\/wp-json\/wp\/v2\/categories?post=12567"},{"taxonomy":"post_tag","embeddable":true,"href":"https:\/\/inces.gob.ve\/index.php\/wp-json\/wp\/v2\/tags?post=12567"}],"curies":[{"name":"wp","href":"https:\/\/api.w.org\/{rel}","templated":true}]}}