{"id":12578,"date":"2018-03-01T10:57:40","date_gmt":"2018-03-01T16:57:40","guid":{"rendered":"http:\/\/www.inces.gob.ve\/?p=12578"},"modified":"2018-03-01T10:57:40","modified_gmt":"2018-03-01T16:57:40","slug":"cfs-gral-rafael-urdaneta-aborda-instituciones-educativas-carabobo","status":"publish","type":"post","link":"https:\/\/inces.gob.ve\/index.php\/2018\/03\/01\/cfs-gral-rafael-urdaneta-aborda-instituciones-educativas-carabobo\/","title":{"rendered":"CFS Gral. Rafael Urdaneta aborda instituciones educativas en Carabobo"},"content":{"rendered":"<p style=\"text-align: justify;\"><span style=\"font-family: Arial,sans-serif;\"><i><b>** Tambi\u00e9n realizan un proceso de concienciaci\u00f3n dirigido a todos los participantes de la programaci\u00f3n ordinaria y aprendices, en temas pol\u00edticos, econ\u00f3micos y sociales actuales<\/b><\/i><\/span><\/p>\n<p style=\"text-align: justify;\">\n <\/p>\n<p style=\"text-align: justify;\">\n <!--more--><\/p>\n<p style=\"text-align: justify;\"><span style=\"font-family: Arial,sans-serif;\"><b>Prensa Inces Carabobo.-<\/b> El Instituto Nacional de Capacitaci\u00f3n y Educaci\u00f3n Socialista (Inces) desde el Centro de Formaci\u00f3n Socialista (CFS) \u201cGral. Rafael Urdaneta\u201d, realiza visitas a los centros de educaci\u00f3n b\u00e1sica, media y diversificada, con el prop\u00f3sito de invitar a los estudiantes a conocer nuestras formaciones e instalaciones.<\/span><\/p>\n<p style=\"text-align: justify;\"><img loading=\"lazy\" decoding=\"async\" class=\"size-full wp-image-12580 aligncenter\" src=\"http:\/\/www.inces.gob.ve\/wp-content\/uploads\/2018\/03\/1-aprendices.jpg\" alt=\"\" width=\"810\" height=\"744\" \/><br \/>\n <span style=\"font-family: Arial,sans-serif;\">El jefe del CFS Rafael Urdaneta, Jorman Rosal, se\u00f1al\u00f3 que contin\u00faan abordando a los liceos cercanos de las comunidades que rodean el centro, para que de manera voluntaria y guiada, los j\u00f3venes conozcan y se involucren con el Inces, por ende a las acciones impulsadas por la revoluci\u00f3n. \u201cMediante actividades de socializaci\u00f3n y sensibilizaci\u00f3n captamos a esa juventud rebelde que considera que el gobierno es su enemigo\u201d, se\u00f1al\u00f3 Rosal.<\/span><\/p>\n<p style=\"text-align: justify;\">\n <\/p>\n<p style=\"text-align: justify;\"><span style=\"font-family: Arial,sans-serif;\">En este sentido, se efectuaron enlaces con varias instituciones educativas de su punto y c\u00edrculo, donde comenzaron en el liceo Luis Sanojo con formaciones en oficios cortos del \u00e1rea industrial. Asimismo, durante los pr\u00f3ximos dos meses llegar\u00e1n a los estudiantes de m\u00e1s de siete liceos.<\/span><\/p>\n<p style=\"text-align: justify;\">\n <\/p>\n<p style=\"text-align: justify;\"><span style=\"font-family: Arial,sans-serif;\">De manera simult\u00e1nea, se atiende a trav\u00e9s del Programa Nacional de Aprendizaje (PNA) y el Plan Chamba Juvenil, en seis secuencias activas (15 aprendices en cada una), para lograr un total de 250 aprendices activos en ambos turnos, quienes se capacitan en los oficios de Asistente Administrativo, Electricidad de Mantenimiento, Mec\u00e1nica de Refrigeraci\u00f3n, Electromec\u00e1nica Industrial y Diesel.<\/span><\/p>\n<p style=\"text-align: justify;\">\n <img loading=\"lazy\" decoding=\"async\" class=\"size-full wp-image-12579 aligncenter\" src=\"http:\/\/www.inces.gob.ve\/wp-content\/uploads\/2018\/03\/2-aprendices.jpg\" alt=\"\" width=\"850\" height=\"638\" \/><\/p>\n<p style=\"text-align: justify;\"><span style=\"font-family: Arial,sans-serif;\">El jefe del centro resalt\u00f3 que tambi\u00e9n realizan un proceso de concienciaci\u00f3n dirigido a todos los participantes de la programaci\u00f3n ordinaria y aprendices, en temas relacionados con la actualidad pol\u00edtica, econ\u00f3mica y social del pa\u00eds.<\/span><\/p>\n<p style=\"text-align: justify;\">\n <\/p>\n<p style=\"text-align: justify;\"><span style=\"font-family: Arial,sans-serif;\">T\/ Mar\u00eda Ver\u00f3nica Molina<\/span><\/p>\n<p style=\"text-align: justify;\">\n <\/p>\n<p style=\"text-align: justify;\">\n <\/p>\n<p style=\"text-align: justify;\">\n <\/p>\n<p style=\"text-align: justify;\">\n <\/p>\n<p style=\"text-align: justify;\">\n <\/p>\n<p style=\"text-align: justify;\">\n <\/p>\n<p style=\"text-align: justify;\">\n <\/p>\n","protected":false},"excerpt":{"rendered":"<p>** Tambi\u00e9n realizan un proceso de concienciaci\u00f3n dirigido a todos los participantes de la programaci\u00f3n ordinaria y aprendices, en temas pol\u00edticos, econ\u00f3micos y sociales actuales<\/p>\n","protected":false},"author":15,"featured_media":12579,"comment_status":"closed","ping_status":"closed","sticky":false,"template":"","format":"aside","meta":{"footnotes":""},"categories":[2],"tags":[],"class_list":["post-12578","post","type-post","status-publish","format-aside","has-post-thumbnail","hentry","category-blog","post_format-post-format-aside"],"_links":{"self":[{"href":"https:\/\/inces.gob.ve\/index.php\/wp-json\/wp\/v2\/posts\/12578","targetHints":{"allow":["GET"]}}],"collection":[{"href":"https:\/\/inces.gob.ve\/index.php\/wp-json\/wp\/v2\/posts"}],"about":[{"href":"https:\/\/inces.gob.ve\/index.php\/wp-json\/wp\/v2\/types\/post"}],"author":[{"embeddable":true,"href":"https:\/\/inces.gob.ve\/index.php\/wp-json\/wp\/v2\/users\/15"}],"replies":[{"embeddable":true,"href":"https:\/\/inces.gob.ve\/index.php\/wp-json\/wp\/v2\/comments?post=12578"}],"version-history":[{"count":0,"href":"https:\/\/inces.gob.ve\/index.php\/wp-json\/wp\/v2\/posts\/12578\/revisions"}],"wp:featuredmedia":[{"embeddable":true,"href":"https:\/\/inces.gob.ve\/index.php\/wp-json\/"}],"wp:attachment":[{"href":"https:\/\/inces.gob.ve\/index.php\/wp-json\/wp\/v2\/media?parent=12578"}],"wp:term":[{"taxonomy":"category","embeddable":true,"href":"https:\/\/inces.gob.ve\/index.php\/wp-json\/wp\/v2\/categories?post=12578"},{"taxonomy":"post_tag","embeddable":true,"href":"https:\/\/inces.gob.ve\/index.php\/wp-json\/wp\/v2\/tags?post=12578"}],"curies":[{"name":"wp","href":"https:\/\/api.w.org\/{rel}","templated":true}]}}