{"id":12582,"date":"2018-03-01T11:14:53","date_gmt":"2018-03-01T17:14:53","guid":{"rendered":"http:\/\/www.inces.gob.ve\/?p=12582"},"modified":"2018-03-01T11:14:53","modified_gmt":"2018-03-01T17:14:53","slug":"aprendices-inces-ingresan-la-nomina-trabajadores-la-empresa-tony-gas","status":"publish","type":"post","link":"https:\/\/inces.gob.ve\/index.php\/2018\/03\/01\/aprendices-inces-ingresan-la-nomina-trabajadores-la-empresa-tony-gas\/","title":{"rendered":"Aprendices Inces ingresan a la n\u00f3mina de trabajadores de la empresa Tony Gas"},"content":{"rendered":"<p class=\"western\" lang=\"en-US\" style=\"text-align: justify;\" align=\"justify\"><span style=\"font-family: Arial,sans-serif;\"><i><b>** Esto es posible gracias a las pol\u00edticas p\u00fablicas impulsadas por el Estado Venezolano <\/b><\/i><\/span><\/p>\n<p class=\"western\" lang=\"en-US\" style=\"text-align: justify;\" align=\"justify\"><!--more--><\/p>\n<p lang=\"en-US\" align=\"justify\">\u00a0<\/p>\n<p class=\"western\" lang=\"en-US\" style=\"text-align: justify;\" align=\"justify\"><span style=\"font-family: Arial,sans-serif;\"><b>Prensa Inces Zulia.-<\/b> Dos aprendices del Instituto Nacional de Capacitaci\u00f3n y Educaci\u00f3n Socialista (Inces), en Maracaibo, ingresaron a la n\u00f3mina de trabajadores de la Compa\u00f1\u00eda An\u00f3nima Tony Gas, refiri\u00f3 el gerente regional del Inces en el Zulia, Jos\u00e9 Coronel, quien asisti\u00f3 a la graduaci\u00f3n de las j\u00f3venes, actividad que se efectu\u00f3 en las instalaciones de la empresa privada. <\/span><\/p>\n<p class=\"western\" lang=\"en-US\" style=\"text-align: justify;\" align=\"justify\"><img loading=\"lazy\" decoding=\"async\" class=\"alignnone size-full wp-image-12583\" src=\"http:\/\/www.inces.gob.ve\/wp-content\/uploads\/2018\/03\/2-Capacitaci\u00f3n.jpg\" alt=\"\" width=\"850\" height=\"638\" \/><\/p>\n<p class=\"western\" lang=\"en-US\" style=\"text-align: justify;\" align=\"justify\"><span style=\"font-family: Arial,sans-serif;\">Estas damas, son parte de los 10 aprendices Inces que tienen bajo su responsabilidad C.A.Tony Gas; ello en el marco del Programa Nacional de Aprendizaje (PNA) del Inces,el cual establece por ley que las empresas p\u00fablicas y privadas tienen la obligaci\u00f3n de costear la formaci\u00f3n te\u00f3rica y pr\u00e1ctica de j\u00f3venes con la finalidad de que estos obtenga su primer empleo.<\/span><\/p>\n<p class=\"western\" lang=\"en-US\" style=\"text-align: justify;\" align=\"justify\">\u00a0<\/p>\n<p class=\"western\" lang=\"en-US\" style=\"text-align: justify;\" align=\"justify\"><span style=\"font-family: Arial,sans-serif;\">Recalc\u00f3 Coronel que gracias al excelente desempe\u00f1o demostrado por ambas j\u00f3venes , la empresa decidi\u00f3 invitarlas a ser parte de los trabajadores de esa entidad de trabajo. <\/span><\/p>\n<p class=\"western\" lang=\"en-US\" style=\"text-align: justify;\" align=\"justify\">\u00a0<\/p>\n<p class=\"western\" lang=\"en-US\" style=\"text-align: justify;\" align=\"justify\"><span style=\"font-family: Arial,sans-serif;\">Acot\u00f3 el gerente regional del Inces que \u201cel propietario de la entidad de trabajo se mostr\u00f3 muy interesado en formar m\u00e1s aprendices Inces, pero en esta ocasi\u00f3n en el curso: Operador de Planta de Gas y Petr\u00f3leo, porque queremos ofrecerles un abanico de nuevas opciones formativas dentro del PNA. <\/span><\/p>\n<p class=\"western\" lang=\"en-US\" style=\"text-align: justify;\" align=\"justify\">\u00a0<\/p>\n<p class=\"western\" lang=\"en-US\" style=\"text-align: justify;\" align=\"justify\"><span style=\"font-family: Arial,sans-serif;\">Hist\u00f3ricamente, Tony Gas ha formado j\u00f3venes en el \u00e1rea administrativa, por eso, desde el Inces, estamos impulsando la diversificaci\u00f3n de los oficios que sean pertinentes al \u00e1rea productiva de la entidad de trabajo.\u201d<\/span><\/p>\n<p class=\"western\" lang=\"en-US\" style=\"text-align: justify;\" align=\"justify\"><img loading=\"lazy\" decoding=\"async\" class=\"alignnone size-full wp-image-12584\" src=\"http:\/\/www.inces.gob.ve\/wp-content\/uploads\/2018\/03\/1Capacitaci\u00f3n.jpg\" alt=\"\" width=\"850\" height=\"582\" \/><\/p>\n<p class=\"western\" lang=\"en-US\" style=\"text-align: justify;\" align=\"justify\"><span style=\"font-family: Arial,sans-serif;\">Cabe destacar que a pesar de la crisis econ\u00f3mica por la cual atraviesa el pa\u00eds, la entidad de trabajo se comprometi\u00f3 a no desincorporar a los j\u00f3venes. \u201cEl a\u00f1o pasado no ten\u00eda la capacidad de cumplir con su obligaci\u00f3n, producto de la guerra econ\u00f3mica, pero en esta ocasi\u00f3n, el due\u00f1o de la empresa ratific\u00f3 su compromiso con el Inces de seguir apoyando la formaci\u00f3n de los ocho j\u00f3venes restantes, lo que significa que seguir\u00e1 cumpliendo con todos los beneficios laborales a los cuales tienen derecho\u201d, explic\u00f3 Coronel. <\/span><\/p>\n<p class=\"western\" lang=\"en-US\" style=\"text-align: justify;\" align=\"justify\">\u00a0<\/p>\n<p class=\"western\" lang=\"en-US\" style=\"text-align: justify;\" align=\"justify\"><span style=\"font-family: Arial,sans-serif;\">T\/ Yudith Castro<\/span><\/p>\n<p class=\"western\" lang=\"en-US\" style=\"text-align: justify;\" align=\"justify\">\u00a0<\/p>\n<p class=\"western\" lang=\"en-US\" style=\"text-align: justify;\" align=\"justify\">\u00a0<\/p>\n<p class=\"western\" lang=\"en-US\" style=\"text-align: justify;\" align=\"justify\">\u00a0<\/p>\n<p class=\"western\" lang=\"en-US\" style=\"text-align: justify;\" align=\"justify\">\u00a0<\/p>\n<p class=\"western\" lang=\"en-US\" style=\"text-align: justify;\" align=\"justify\">\u00a0<\/p>\n","protected":false},"excerpt":{"rendered":"<p>** Esto es posible gracias a las pol\u00edticas p\u00fablicas impulsadas por el Estado Venezolano<\/p>\n","protected":false},"author":15,"featured_media":12584,"comment_status":"closed","ping_status":"closed","sticky":false,"template":"","format":"aside","meta":{"footnotes":""},"categories":[2],"tags":[],"class_list":["post-12582","post","type-post","status-publish","format-aside","has-post-thumbnail","hentry","category-blog","post_format-post-format-aside"],"_links":{"self":[{"href":"https:\/\/inces.gob.ve\/index.php\/wp-json\/wp\/v2\/posts\/12582","targetHints":{"allow":["GET"]}}],"collection":[{"href":"https:\/\/inces.gob.ve\/index.php\/wp-json\/wp\/v2\/posts"}],"about":[{"href":"https:\/\/inces.gob.ve\/index.php\/wp-json\/wp\/v2\/types\/post"}],"author":[{"embeddable":true,"href":"https:\/\/inces.gob.ve\/index.php\/wp-json\/wp\/v2\/users\/15"}],"replies":[{"embeddable":true,"href":"https:\/\/inces.gob.ve\/index.php\/wp-json\/wp\/v2\/comments?post=12582"}],"version-history":[{"count":0,"href":"https:\/\/inces.gob.ve\/index.php\/wp-json\/wp\/v2\/posts\/12582\/revisions"}],"wp:featuredmedia":[{"embeddable":true,"href":"https:\/\/inces.gob.ve\/index.php\/wp-json\/"}],"wp:attachment":[{"href":"https:\/\/inces.gob.ve\/index.php\/wp-json\/wp\/v2\/media?parent=12582"}],"wp:term":[{"taxonomy":"category","embeddable":true,"href":"https:\/\/inces.gob.ve\/index.php\/wp-json\/wp\/v2\/categories?post=12582"},{"taxonomy":"post_tag","embeddable":true,"href":"https:\/\/inces.gob.ve\/index.php\/wp-json\/wp\/v2\/tags?post=12582"}],"curies":[{"name":"wp","href":"https:\/\/api.w.org\/{rel}","templated":true}]}}