{"id":12587,"date":"2018-03-01T11:25:00","date_gmt":"2018-03-01T17:25:00","guid":{"rendered":"http:\/\/www.inces.gob.ve\/?p=12587"},"modified":"2018-03-01T11:25:00","modified_gmt":"2018-03-01T17:25:00","slug":"inces-carabobo-continua-llevando-formaciones-comunidades-del-municipio-valencia","status":"publish","type":"post","link":"https:\/\/inces.gob.ve\/index.php\/2018\/03\/01\/inces-carabobo-continua-llevando-formaciones-comunidades-del-municipio-valencia\/","title":{"rendered":"Inces Carabobo contin\u00faa llevando formaciones a comunidades del municipio Valencia"},"content":{"rendered":"<p style=\"text-align: justify;\" align=\"justify\"><span style=\"font-family: Arial,sans-serif;\"><i><b>** Los habitantes participan en los talleres de Fabricaci\u00f3n de Pan Artesanal, Barber\u00eda, Peluquer\u00eda, Refrigeraci\u00f3n y Reparaci\u00f3n de Bombillos Ahorradores<\/b><\/i><\/span><\/p>\n<p style=\"text-align: justify;\" align=\"justify\">\n <!--more--><\/p>\n<p style=\"text-align: justify;\" align=\"justify\"><span style=\"font-family: Arial,sans-serif;\"><b>Prensa Inces Carabobo<\/b>.- Desde el Centro de Formaci\u00f3n Socialista \u201cGral. Rafael Urdaneta\u201d del Instituto Nacional de Capacitaci\u00f3n y Educaci\u00f3n Socialista (Inces), contin\u00faan las visitas a las comunidades cercanas que pertenecen al punto y c\u00edrculo del Inces, con la finalidad de captar a los j\u00f3venes y brindarle al pueblo lo que le pertenece.<\/span><\/p>\n<p style=\"text-align: justify;\" align=\"justify\"><img loading=\"lazy\" decoding=\"async\" class=\"size-full wp-image-12589 aligncenter\" src=\"http:\/\/www.inces.gob.ve\/wp-content\/uploads\/2018\/03\/1-talleres-Fabricaci\u00f3n.jpg\" alt=\"\" width=\"850\" height=\"638\" \/>\n <\/p>\n<p style=\"text-align: justify;\" align=\"justify\"><span style=\"font-family: Arial,sans-serif;\">Yorman Rosal, jefe del centro, indic\u00f3 que los maestros t\u00e9cnicos productivos (MTP) se trasladan con el prop\u00f3sito de ofrecer formaciones cortas, saliendo del esquema tradicional del Inces. \u201cPara seguir atendiendo a las comunidades mantenemos abierto el CFS los s\u00e1bados con diversidad de cursos en oficios del \u00e1rea tur\u00edstica e industrial\u201d, dijo.<\/span><\/p>\n<p style=\"text-align: justify;\" align=\"justify\">\n <\/p>\n<p style=\"text-align: justify;\" align=\"justify\"><span style=\"font-family: Arial,sans-serif;\">Entre las formaciones llevadas a las comunidades se pueden mencionar, los talleres de Fabricaci\u00f3n de Pan Artesanal, Barber\u00eda, Peluquer\u00eda, Refrigeraci\u00f3n y Reparaci\u00f3n de Bombillos Ahorradores; mediante la certificaci\u00f3n con acompa\u00f1amiento, para brindarle a los habitantes un conocimiento que le permita reactivar su econom\u00eda dom\u00e9stica.<\/span><\/p>\n<p style=\"text-align: justify;\" align=\"justify\">\n <\/p>\n<p style=\"text-align: justify;\" align=\"justify\"><span style=\"font-family: Arial,sans-serif;\">En este sentido, a mediados de enero, se inaugur\u00f3 una extensi\u00f3n del CFS \u201cGral. Rafael Urdaneta\u201d en el municipio Carlos Arvelo, para facilitar a esas comunidades el acceso a los cursos pero de manera permanente; como dec\u00eda el gigante Ch\u00e1vez \u201cdebemos movilizarnos a las catacumbas del pueblo para construir una sociedad distinta\u201d.<img loading=\"lazy\" decoding=\"async\" class=\"size-full wp-image-12588 aligncenter\" src=\"http:\/\/www.inces.gob.ve\/wp-content\/uploads\/2018\/03\/2-talleres-Fabricaci\u00f3n.jpg\" alt=\"\" width=\"850\" height=\"638\" \/><\/span><\/p>\n<p style=\"text-align: justify;\" align=\"justify\">\n <\/p>\n<p style=\"text-align: justify;\" align=\"justify\"><span style=\"font-family: Arial,sans-serif;\">Rosal resalt\u00f3 que tambi\u00e9n se han realizado operativos de registro electoral para nuevos votantes y operativos de la Misi\u00f3n Nevado. Adem\u00e1s, se prestan algunos espacios a nuestros chamos para la cultura, certificaciones en el saber de Chef, Cocina Gourmet, Cocina y Dulcer\u00eda Criolla, entre otras actividades. Con estas actividades se han alcanzado acuerdos estrat\u00e9gicos con empresas del Estado como Corpoelec y Pdvsa Gas Comunal.<\/span><\/p>\n<p style=\"text-align: justify;\" align=\"justify\">\n <\/p>\n<p style=\"text-align: justify;\" align=\"justify\"><span style=\"font-family: Arial,sans-serif;\">T\/ Mar\u00eda Ver\u00f3nica Molina<\/span><\/p>\n<p style=\"text-align: justify;\" align=\"justify\">\n <\/p>\n<p style=\"text-align: justify;\" align=\"justify\">\n <\/p>\n<p style=\"text-align: justify;\" align=\"justify\">\n <\/p>\n","protected":false},"excerpt":{"rendered":"<p>** Los habitantes participan en los talleres de Fabricaci\u00f3n de Pan Artesanal, Barber\u00eda, Peluquer\u00eda, Refrigeraci\u00f3n y Reparaci\u00f3n de Bombillos Ahorradores<\/p>\n","protected":false},"author":15,"featured_media":12588,"comment_status":"closed","ping_status":"closed","sticky":false,"template":"","format":"aside","meta":{"footnotes":""},"categories":[2],"tags":[],"class_list":["post-12587","post","type-post","status-publish","format-aside","has-post-thumbnail","hentry","category-blog","post_format-post-format-aside"],"_links":{"self":[{"href":"https:\/\/inces.gob.ve\/index.php\/wp-json\/wp\/v2\/posts\/12587","targetHints":{"allow":["GET"]}}],"collection":[{"href":"https:\/\/inces.gob.ve\/index.php\/wp-json\/wp\/v2\/posts"}],"about":[{"href":"https:\/\/inces.gob.ve\/index.php\/wp-json\/wp\/v2\/types\/post"}],"author":[{"embeddable":true,"href":"https:\/\/inces.gob.ve\/index.php\/wp-json\/wp\/v2\/users\/15"}],"replies":[{"embeddable":true,"href":"https:\/\/inces.gob.ve\/index.php\/wp-json\/wp\/v2\/comments?post=12587"}],"version-history":[{"count":0,"href":"https:\/\/inces.gob.ve\/index.php\/wp-json\/wp\/v2\/posts\/12587\/revisions"}],"wp:featuredmedia":[{"embeddable":true,"href":"https:\/\/inces.gob.ve\/index.php\/wp-json\/"}],"wp:attachment":[{"href":"https:\/\/inces.gob.ve\/index.php\/wp-json\/wp\/v2\/media?parent=12587"}],"wp:term":[{"taxonomy":"category","embeddable":true,"href":"https:\/\/inces.gob.ve\/index.php\/wp-json\/wp\/v2\/categories?post=12587"},{"taxonomy":"post_tag","embeddable":true,"href":"https:\/\/inces.gob.ve\/index.php\/wp-json\/wp\/v2\/tags?post=12587"}],"curies":[{"name":"wp","href":"https:\/\/api.w.org\/{rel}","templated":true}]}}