{"id":12604,"date":"2018-03-01T13:54:47","date_gmt":"2018-03-01T19:54:47","guid":{"rendered":"http:\/\/www.inces.gob.ve\/?p=12604"},"modified":"2018-03-01T13:54:47","modified_gmt":"2018-03-01T19:54:47","slug":"juventud-carabobena-ratifica-exito-la-formacion-profesional-del-inces","status":"publish","type":"post","link":"https:\/\/inces.gob.ve\/index.php\/2018\/03\/01\/juventud-carabobena-ratifica-exito-la-formacion-profesional-del-inces\/","title":{"rendered":"Juventud Carabobe\u00f1a ratifica el \u00e9xito de la formaci\u00f3n profesional del Inces"},"content":{"rendered":"<p class=\"western\" style=\"text-align: justify;\" align=\"justify\"><span style=\"font-family: Arial,sans-serif;\"><span style=\"font-size: medium;\"><i><b>** La formaci\u00f3n que se desarrolla en el Inces, es en funci\u00f3n de construir la Venezuela del futuro, productiva y prospera<\/b><\/i><\/span><\/span><\/p>\n<p class=\"western\" style=\"text-align: justify;\" align=\"justify\"><!--more--><\/p>\n<p class=\"western\" style=\"text-align: justify;\" align=\"justify\"><span style=\"font-family: Arial,sans-serif;\"><span style=\"font-size: medium;\"><b>Prensa Inces Carabobo.-<\/b> Las formaciones productivas del Instituto Nacional de Capacitaci\u00f3n y Educaci\u00f3n Socialista en la regi\u00f3n, son direccionadas trav\u00e9s de planes educativos que conllevan a la activaci\u00f3n productiva de los motores econ\u00f3micos de la patria; as\u00ed lo dio a conocer Heidi Rodr\u00edguez (MTP) del Inces.<\/span><\/span><\/p>\n<p class=\"western\" style=\"text-align: justify;\" align=\"justify\"><span style=\"font-family: Arial,sans-serif;\"><span style=\"font-size: medium;\">Rodr\u00edguez maestra t\u00e9cnica productiva, hizo un llamado a todo el que quiera formarse en oficios profesionales, a dirigirse al CFS m\u00e1s cercano a su comunidad. \u201cEn Inces tenemos diversos programa fusionados a los 15 motores de la patria con el fin de activar la econom\u00eda a trav\u00e9s de la formaci\u00f3n, creando mano de obra calificada\u201d.<\/span><\/span><\/p>\n<p class=\"western\" style=\"text-align: justify;\" align=\"justify\">\u201c<span style=\"font-family: Arial,sans-serif;\"><span style=\"font-size: medium;\">Adem\u00e1s Inces tiene la capacidad de ir a formar en las comunidades, entidades de trabajo, espacios productivos, culminaci\u00f3n del bachilerato e incluso certificar saberes emp\u00edricos en cualquier lugar de los 14 municipios del estado tanto en Carabobo como a nivel nacional, somos vanguardia educativa\u201d.<\/span><\/span><\/p>\n<p class=\"western\" style=\"text-align: justify;\" align=\"justify\">\u201c<span style=\"font-family: Arial,sans-serif;\"><span style=\"font-size: medium;\">A trav\u00e9s de la Formaci\u00f3n Productiva atendemos las necesidades y potenciamos las fortalezas de nuestros j\u00f3venes, adultos y adultos mayores, con la formaci\u00f3n y autoformaci\u00f3n colectiva integral continua y permanente de los participantes, para el fortalecimiento de los procesos formativos vamos direccionados a la construcci\u00f3n de una Venezuela potencia, siguiendo nuestro lema \u201cFormar Produciendo, Producir Formando\u201d.<img loading=\"lazy\" decoding=\"async\" class=\"size-full wp-image-12606 aligncenter\" src=\"http:\/\/www.inces.gob.ve\/wp-content\/uploads\/2018\/03\/1-formaci\u00f3n-profesional-.jpg\" alt=\"\" width=\"850\" height=\"944\" \/><\/span><\/span><\/p>\n<p class=\"western\" style=\"text-align: justify;\" align=\"justify\"><span style=\"font-family: Arial,sans-serif;\"><span style=\"font-size: medium;\">Por su parte la joven Sabrina Montero, estudiante de Seguridad Industrial en el CFS Sim\u00f3n Rodr\u00edguez del Inces, manifiesta que la formaci\u00f3n que desarrollan en el instituto, es en funci\u00f3n de construir la Venezuela del futuro, productiva y pr\u00f3spera, atendiendo las necesidades que requieran y a su vez, potenciarlas a trav\u00e9s del estudio para fortalecer a toda la juventud.<\/span><\/span><\/p>\n<p class=\"western\" style=\"text-align: justify;\" align=\"justify\"><span style=\"font-family: Arial,sans-serif;\"><span style=\"font-size: medium;\">Mar\u00eda Luisa L\u00f3pez Jefa del CFS, manifest\u00f3 que \u201cnuestra misi\u00f3n en Inces es ofrecer a nuestras juventudes una formaci\u00f3n de excelencia y gracias a las alianzas y convenios con diversidades entidades de trabajo, p\u00fablicas y privadas fortalecemos esa importante formaci\u00f3n, y hasta la incorporaci\u00f3n en el campo laboral.<\/span><\/span><\/p>\n<p class=\"western\" style=\"text-align: justify;\" align=\"justify\">\u201c<span style=\"font-family: Arial,sans-serif;\"><span style=\"font-size: medium;\">Tenemos activado el Motor Agroalimentario promoviendo la lombricultura, manejo de suelos y fertilizantes, siembra; en la construcci\u00f3n de las mesas-sillas se promueve el Motor Forestal,\u00a0contribuimos en los proyectos de Herrer\u00eda, Carpinter\u00eda, Met\u00e1lica, Metal\u00fargica, Metalmec\u00e1nica, Textil, Calzado y Gastronom\u00eda. Uno de nuestros objetivos en este 2018 es contar con un 40% de la formaci\u00f3n Inces construida por los convenios y alianzas\u201d enfatiz\u00f3 L\u00f3pez.<\/span><\/span><\/p>\n<p class=\"western\" style=\"text-align: justify;\" align=\"justify\"><span style=\"font-family: Arial,sans-serif;\"><span style=\"font-size: medium;\">T\/\/Nathalie G\u00f3mez.-<\/span><\/span><\/p>\n","protected":false},"excerpt":{"rendered":"<p>** La formaci\u00f3n que se desarrolla en el Inces, es en funci\u00f3n de construir la Venezuela del futuro, productiva y prospera<\/p>\n","protected":false},"author":15,"featured_media":12605,"comment_status":"closed","ping_status":"closed","sticky":false,"template":"","format":"aside","meta":{"footnotes":""},"categories":[2],"tags":[],"class_list":["post-12604","post","type-post","status-publish","format-aside","has-post-thumbnail","hentry","category-blog","post_format-post-format-aside"],"_links":{"self":[{"href":"https:\/\/inces.gob.ve\/index.php\/wp-json\/wp\/v2\/posts\/12604","targetHints":{"allow":["GET"]}}],"collection":[{"href":"https:\/\/inces.gob.ve\/index.php\/wp-json\/wp\/v2\/posts"}],"about":[{"href":"https:\/\/inces.gob.ve\/index.php\/wp-json\/wp\/v2\/types\/post"}],"author":[{"embeddable":true,"href":"https:\/\/inces.gob.ve\/index.php\/wp-json\/wp\/v2\/users\/15"}],"replies":[{"embeddable":true,"href":"https:\/\/inces.gob.ve\/index.php\/wp-json\/wp\/v2\/comments?post=12604"}],"version-history":[{"count":0,"href":"https:\/\/inces.gob.ve\/index.php\/wp-json\/wp\/v2\/posts\/12604\/revisions"}],"wp:featuredmedia":[{"embeddable":true,"href":"https:\/\/inces.gob.ve\/index.php\/wp-json\/"}],"wp:attachment":[{"href":"https:\/\/inces.gob.ve\/index.php\/wp-json\/wp\/v2\/media?parent=12604"}],"wp:term":[{"taxonomy":"category","embeddable":true,"href":"https:\/\/inces.gob.ve\/index.php\/wp-json\/wp\/v2\/categories?post=12604"},{"taxonomy":"post_tag","embeddable":true,"href":"https:\/\/inces.gob.ve\/index.php\/wp-json\/wp\/v2\/tags?post=12604"}],"curies":[{"name":"wp","href":"https:\/\/api.w.org\/{rel}","templated":true}]}}