{"id":12649,"date":"2018-03-02T14:25:43","date_gmt":"2018-03-02T20:25:43","guid":{"rendered":"http:\/\/www.inces.gob.ve\/?p=12649"},"modified":"2020-05-28T20:34:46","modified_gmt":"2020-05-29T00:34:46","slug":"yaracuy-acredito-asistentes-camillero-hospital-tiburcio-garrido","status":"publish","type":"post","link":"https:\/\/inces.gob.ve\/index.php\/2018\/03\/02\/yaracuy-acredito-asistentes-camillero-hospital-tiburcio-garrido\/","title":{"rendered":"Yaracuy acredit\u00f3 Asistentes de Camillero en el Hospital Tiburcio Garrido"},"content":{"rendered":"<p style=\"text-align: justify;\"><span style=\"font-family: Arial,sans-serif;\">*<i><b>* En aras de fortalecer el Motor Farmac\u00e9utico, el Inces regional promueve jornadas de acreditaci\u00f3n propias del sector salud, a fin de priorizar las \u00e1reas de atenci\u00f3n al pueblo<\/b><\/i> <\/span><\/p>\n<p style=\"text-align: justify;\">\n <!--more--><\/p>\n<p>&nbsp;<\/p>\n<p style=\"text-align: justify;\"><span style=\"font-family: Arial,sans-serif;\"><b>Prensa Inces Yaracuy.-<\/b> A trav\u00e9s del Centro de Formaci\u00f3n Socialista Prudencio V\u00e1squez, del municipio Urachiche de esta entidad, se llev\u00f3 a cabo una jornada de acreditaci\u00f3n de saberes de Asistente de Camillero en el Hospital Tiburcio Garrido de Chivacoa, municipio Bruzual, como parte de las actividades que ejecuta la unidad de Tecnolog\u00eda Educativa seg\u00fan las \u00e1reas de influencia del Instituto Nacional de Capacitaci\u00f3n Educaci\u00f3n Socialista (Inces) de Yaracuy.<img loading=\"lazy\" decoding=\"async\" class=\"size-full wp-image-12651 aligncenter\" src=\"http:\/\/www.inces.gob.ve\/wp-content\/uploads\/2018\/03\/1Yaracuy-acredit\u00f3-.jpg\" alt=\"\" width=\"850\" height=\"856\" \/><\/span><\/p>\n<p style=\"text-align: justify;\">\u00a0<\/p>\n<p style=\"text-align: justify;\"><span style=\"font-family: Arial,sans-serif;\">Vale destacar que en la actividad fueron acreditadas 25 personas en el referido oficio, gracias al apoyo brindado por maestros t\u00e9cnicos voluntarios (MTV) como los propios responsables de camilleros de dicho recinto hospitalario, junto a un integrante del Cuerpo de Bomberos del municipio. <\/span><\/p>\n<p style=\"text-align: justify;\">\u00a0<\/p>\n<p style=\"text-align: justify;\"><span style=\"font-family: Arial,sans-serif;\">Por su parte, Mar\u00eda Garc\u00eda adscrita al CFS Prudencio V\u00e1squez manifest\u00f3 que este es el resultado del trabajo en equipo y las articulaciones con diferentes instituciones que hacen vida en los municipios aleda\u00f1os, con el fin de que el Inces ofrezca un reconocimiento a los saberes del pueblo de acuerdo al oficio de desempe\u00f1o.<\/span><\/p>\n<p style=\"text-align: justify;\"><img loading=\"lazy\" decoding=\"async\" class=\"size-full wp-image-12650 aligncenter\" src=\"http:\/\/www.inces.gob.ve\/wp-content\/uploads\/2018\/03\/2Yaracuy-acredit\u00f3-.jpg\" alt=\"\" width=\"850\" height=\"638\" \/><\/p>\n<p style=\"text-align: justify;\"><span style=\"font-family: Arial,sans-serif;\">Asimismo inform\u00f3 que se realizar\u00e1n pr\u00f3ximas acreditaciones en diversas \u00e1reas del saber, para beneficiar a otras personas, instituciones del estado y comunidades en general.<\/span><\/p>\n<p style=\"text-align: justify;\">\u00a0<\/p>\n<p style=\"text-align: justify;\">\u00a0<\/p>\n<p style=\"text-align: justify;\"><span style=\"font-family: Arial,sans-serif;\">Mar\u00eda Alejandra Arias <\/span><\/p>\n<p style=\"text-align: justify;\">\u00a0<\/p>\n<p>&nbsp;<\/p>\n<p>&nbsp;<\/p>\n","protected":false},"excerpt":{"rendered":"<p>** En aras de fortalecer el Motor Farmac\u00e9utico, el Inces regional promueve jornadas de acreditaci\u00f3n propias del sector salud, a fin de priorizar las \u00e1reas de atenci\u00f3n al pueblo<\/p>\n","protected":false},"author":15,"featured_media":12650,"comment_status":"closed","ping_status":"closed","sticky":false,"template":"","format":"aside","meta":{"footnotes":""},"categories":[2],"tags":[],"class_list":["post-12649","post","type-post","status-publish","format-aside","has-post-thumbnail","hentry","category-blog","post_format-post-format-aside"],"_links":{"self":[{"href":"https:\/\/inces.gob.ve\/index.php\/wp-json\/wp\/v2\/posts\/12649","targetHints":{"allow":["GET"]}}],"collection":[{"href":"https:\/\/inces.gob.ve\/index.php\/wp-json\/wp\/v2\/posts"}],"about":[{"href":"https:\/\/inces.gob.ve\/index.php\/wp-json\/wp\/v2\/types\/post"}],"author":[{"embeddable":true,"href":"https:\/\/inces.gob.ve\/index.php\/wp-json\/wp\/v2\/users\/15"}],"replies":[{"embeddable":true,"href":"https:\/\/inces.gob.ve\/index.php\/wp-json\/wp\/v2\/comments?post=12649"}],"version-history":[{"count":1,"href":"https:\/\/inces.gob.ve\/index.php\/wp-json\/wp\/v2\/posts\/12649\/revisions"}],"predecessor-version":[{"id":35034,"href":"https:\/\/inces.gob.ve\/index.php\/wp-json\/wp\/v2\/posts\/12649\/revisions\/35034"}],"wp:featuredmedia":[{"embeddable":true,"href":"https:\/\/inces.gob.ve\/index.php\/wp-json\/"}],"wp:attachment":[{"href":"https:\/\/inces.gob.ve\/index.php\/wp-json\/wp\/v2\/media?parent=12649"}],"wp:term":[{"taxonomy":"category","embeddable":true,"href":"https:\/\/inces.gob.ve\/index.php\/wp-json\/wp\/v2\/categories?post=12649"},{"taxonomy":"post_tag","embeddable":true,"href":"https:\/\/inces.gob.ve\/index.php\/wp-json\/wp\/v2\/tags?post=12649"}],"curies":[{"name":"wp","href":"https:\/\/api.w.org\/{rel}","templated":true}]}}