{"id":12657,"date":"2018-03-05T07:42:25","date_gmt":"2018-03-05T13:42:25","guid":{"rendered":"http:\/\/www.inces.gob.ve\/?p=12657"},"modified":"2018-03-05T07:42:25","modified_gmt":"2018-03-05T13:42:25","slug":"me-enamore-del-tribilin-barinas","status":"publish","type":"post","link":"https:\/\/inces.gob.ve\/index.php\/2018\/03\/05\/me-enamore-del-tribilin-barinas\/","title":{"rendered":"Me enamor\u00e9 del  Tribil\u00edn de Barinas"},"content":{"rendered":"<p class=\"western\" style=\"text-align: justify;\"><em><strong><span style=\"font-family: Arial,sans-serif;\">** El presente texto es una inspiraci\u00f3n de la periodista del Inces en el estado Zulia, Yudith Castro<\/span><\/strong><\/em><\/p>\n<p class=\"western\" style=\"text-align: justify;\">\n <!--more--><\/p>\n<p>&nbsp;<\/p>\n<p class=\"western\" style=\"text-align: justify;\"><span style=\"font-family: Arial,sans-serif;\">Han transcurrido 5 a\u00f1os de su partida y a\u00fan la herida no cicatriza. Cuando se fue, pens\u00e9 que mi vida no ten\u00eda sentido, que la lucha se hab\u00eda acabado, pero tiempo despu\u00e9s entend\u00ed, que como buena guerrera ten\u00eda que seguir aunque el l\u00edder se hubiera marchado a un viaje sin retorno. Entend\u00ed que su muerte no significaba el fin, sino el comienzo de nuevas luchas. La muerte no podr\u00e1 borrar su pensamiento ni su ejemplo, al contrario, se convirti\u00f3 en el tim\u00f3n de muchos venezolanos y venezolanas que ahora luchamos por construir el sue\u00f1o bolivariano: lograr un mundo m\u00e1s humano, sue\u00f1o que \u00e9l nos contagi\u00f3 como una epidemia a los millares de venezolanos que lo seguimos.<\/span><\/p>\n<p class=\"western\" style=\"text-align: justify;\">\u00a0<\/p>\n<p class=\"western\" style=\"text-align: justify;\"><span style=\"font-family: Arial,sans-serif;\">La primera vez que lo vi fue el 4 de febrero de 1992. Ten\u00eda 13 a\u00f1os. Los canales de televisi\u00f3n no cesaban de repetir lo ocurrido la madrugada de ese d\u00eda. No comprend\u00ed lo que estaba pasando. Lo que me impact\u00f3 de los sucesos de ese d\u00eda fueron las palabras que ese hombre llamado Hugo Ch\u00e1vez Fr\u00edas dijo: \u201cCompa\u00f1eros, lamentablemente, por ahora, los objetivos que nos planteamos no fueron logrados en la ciudad capital. Es decir, nosotros ac\u00e1 en Caracas no logramos controlar el poder. Ustedes lo hicieron muy bien por all\u00e1, pero ya es tiempo de evitar m\u00e1s derramamiento de sangre, ya es tiempo de reflexionar y vendr\u00e1n nuevas situaciones y el pa\u00eds tiene que enrumbarse definitivamente hacia un destino mejor. Yo, ante el pa\u00eds y ante ustedes, asumo la responsabilidad de este movimiento militar bolivariano\u201d.<img loading=\"lazy\" decoding=\"async\" class=\"size-full wp-image-12661 aligncenter\" src=\"http:\/\/www.inces.gob.ve\/wp-content\/uploads\/2018\/03\/TRIBILIN-1.jpg\" alt=\"\" width=\"597\" height=\"451\" \/><\/span><\/p>\n<p class=\"western\" style=\"text-align: justify;\">\u00a0<\/p>\n<p class=\"western\" style=\"text-align: justify;\"><span style=\"font-family: Arial,sans-serif;\">Me pareci\u00f3 un hombre muy valiente porque se responsabiliz\u00f3 por todo lo acontecido, hasta ese momento ning\u00fan representante del Gobierno de la \u00e9poca hab\u00eda hecho algo semejante, pues se proyectaban como personas honorables, exento de toda equivocaci\u00f3n. Eran como si no fueran humanos. Ch\u00e1vez se parec\u00eda a nosotros. <\/span><\/p>\n<p class=\"western\" style=\"text-align: justify;\">\u00a0<\/p>\n<p class=\"western\" style=\"text-align: justify;\"><span style=\"font-family: Arial,sans-serif;\">Crec\u00ed frente a una caja parlante, la televisi\u00f3n. Era adicta a los programas banales y a las novelas que en nada aportaban para mi formaci\u00f3n como ciudadana. No me ense\u00f1aron los principales valores de la vida; la solidaridad, el trabajo en colectivo, el amor al pr\u00f3jimo, amar nuestro pa\u00eds y nuestra cultura, entre otros. No nos ense\u00f1aron que ten\u00edamos deberes y derechos. Los pobres de este pa\u00eds desconoc\u00edamos lo que era una Constituci\u00f3n, parece un chiste ahora, algo impensable, pero era la realidad de ese momento. <img loading=\"lazy\" decoding=\"async\" class=\"size-full wp-image-12658 aligncenter\" src=\"http:\/\/www.inces.gob.ve\/wp-content\/uploads\/2018\/03\/3-CHAVEZ-VIVE2.jpg\" alt=\"\" width=\"825\" height=\"541\" \/><\/span><\/p>\n<p class=\"western\" style=\"text-align: justify;\">\u00a0<\/p>\n<p class=\"western\" style=\"text-align: justify;\"><span style=\"font-family: Arial,sans-serif;\">El \u00fanico fin de los medios era mantener adormecida a la poblaci\u00f3n. La generaci\u00f3n de los noventa creci\u00f3 admirando los logros de otros, viviendo la vida de otros, pero no pensando en ejercer acciones propias para transformar su entorno desde sus comunidades. Eso era imposible. El que es pobre es producto de los designios de Dios y nada puede hacer el Estado, esa era la premisa que todos valid\u00e1bamos como cierta. <\/span><\/p>\n<p class=\"western\" style=\"text-align: justify;\">\u00a0<\/p>\n<p class=\"western\" style=\"text-align: justify;\"><span style=\"font-family: Arial,sans-serif;\">En la escuela nos ense\u00f1aban a memorizar y a repetir como loros. La reflexi\u00f3n en los procesos de ense\u00f1anza no ten\u00eda cabida. No hab\u00eda escapatoria, era un pa\u00eds de loros de todo tipo, cacat\u00faas, los \u201cagapornis\u201d, los guacamayos y los periquitos. <\/span><\/p>\n<p class=\"western\" style=\"text-align: justify;\">\u00a0<\/p>\n<p class=\"western\" style=\"text-align: justify;\">\u00a0<\/p>\n<p class=\"western\" style=\"text-align: justify;\"><span style=\"font-family: Arial,sans-serif;\">Est\u00e1bamos atados de mano pensando que el Estado deb\u00eda resolver todos los problemas y nosotros solo deb\u00edamos cumplir con nuestro voto. Desconoc\u00edamos el verdadero significado de lo que era la participaci\u00f3n protag\u00f3nica. Hasta ese momento cre\u00edamos que particip\u00e1bamos. Nada m\u00e1s lejos de la realidad. O mejor dicho, particip\u00e1bamos de la desigualdad, del hambre, de la exclusi\u00f3n&#8230;<\/span><\/p>\n<p class=\"western\" style=\"text-align: justify;\">\u00a0<\/p>\n<p class=\"western\" style=\"text-align: justify;\"><span style=\"font-family: Arial,sans-serif;\">Mi primer voto fue para \u00e9l, pero confieso que ejerc\u00ed mi derecho al sufragio, no porque comprendiera lo que el dec\u00eda en cada discurso. Vote por \u00e9l porque me ca\u00eda bien, porque me simpatizaba, ten\u00eda carisma. Criterios que no son v\u00e1lidos a la hora de elegir a determinada persona a un cargo p\u00fablico y mucho menos para elegir a un Presidente. Pero eso eran los argumentos que emple\u00e1bamos los venezolanos y venezolanas que conformaban la clase pobre de este pa\u00eds en la d\u00e9cada de los noventa, pues carec\u00edamos de una cultura pol\u00edtica. Pero as\u00ed lo hice en 1999, vot\u00e9 por el Quijote de Barinas, el llanero de pura cepa. <\/span><\/p>\n<p class=\"western\" style=\"text-align: justify;\">\u00a0<\/p>\n<p class=\"western\" style=\"text-align: justify;\"><span style=\"font-family: Arial,sans-serif;\">Cuando se realizaron las elecciones presidenciales en 1999, ten\u00eda 22 a\u00f1os. Y a esa edad ignoraba para qu\u00e9 serv\u00eda el Congreso Nacional, hoy Asamblea Nacional, qu\u00e9 era la Soberan\u00eda, qu\u00e9 era un referendo y mucho menos qu\u00e9 era una Constituyente. Sab\u00eda de pol\u00edtica lo que s\u00e9 de medicina, \u00a1nada!. No ten\u00eda conciencia pol\u00edtica y as\u00ed como yo, muchos otros. Pero lleg\u00f3 Ch\u00e1vez y empez\u00f3 a hablarnos de eso en cada alocuci\u00f3n. Empez\u00f3 a hablarnos de revoluci\u00f3n. Y aprendimos que las revoluciones logran cosas que parec\u00edan imposibles. <img loading=\"lazy\" decoding=\"async\" class=\"size-full wp-image-12659 aligncenter\" src=\"http:\/\/www.inces.gob.ve\/wp-content\/uploads\/2018\/03\/2-CHAVEZ-1.jpg\" alt=\"\" width=\"825\" height=\"549\" \/><\/span><\/p>\n<p class=\"western\" style=\"text-align: justify;\"><span style=\"font-family: Arial,sans-serif;\">Adem\u00e1s de lo antes expuesto, no amaba a mi pa\u00eds. Era un fastidio cantar el Himno Nacional, no estaba identificada con nuestros s\u00edmbolos patrios. Me avergonzaba ser venezolana, a\u00f1oraba haber nacido en otra naci\u00f3n, pero el Pajarito Naranjero como le dec\u00eda la abuela Rosa supo impregnarnos de su amor a la patria.<\/span><\/p>\n<p class=\"western\" style=\"text-align: justify;\">\u00a0<\/p>\n<p class=\"western\" style=\"text-align: justify;\"><span style=\"font-family: Arial,sans-serif;\">Chavez lleno mi vida de esperanzas en medio de una sociedad caracterizada por la individualidad y el ego\u00edsmo. Hab\u00eda crecido escuchando frases como: \u201csobrevive el m\u00e1s fuerte\u201d, \u201croben y dejen robar\u201d, \u201cp\u00f3ngame en donde hay\u201d, que de lo dem\u00e1s me encargo yo, propio del la cultura generada por el pacto de Punto Fijo. Reinaba la exclusi\u00f3n, la competencia malsana y la discriminaci\u00f3n. Estudiaba el que pod\u00eda pagar, no el que lo deseara. Sent\u00eda mucho miedo&#8230; hasta que lleg\u00f3 el Comandante y me ense\u00f1\u00f3 que s\u00ed era posible construir, entre todos, un mundo m\u00e1s humano donde prevalecieran los valores socialistas.<\/span><\/p>\n<p><img loading=\"lazy\" decoding=\"async\" class=\"size-full wp-image-12660\" src=\"http:\/\/www.inces.gob.ve\/wp-content\/uploads\/2018\/03\/1-Chavez-5.jpg\" alt=\"\" width=\"820\" height=\"615\" \/><\/p>\n<p class=\"western\" style=\"text-align: justify;\">\n <span style=\"font-family: Arial,sans-serif;\">Este maestro innato se vali\u00f3 de todas las estrategias para ense\u00f1arnos. Imag\u00ednense que cre\u00f3 un programa de televisi\u00f3n llamado Al\u00f3 Presidente. Algunos lo tildaron de loco. S\u00ed, estaba loco pero de ense\u00f1arnos. Durante seis horas o m\u00e1s, Ch\u00e1vez dialog\u00f3, tute\u00f3 a los radioescuchas, narr\u00f3 con detalles, se adelant\u00f3 y a veces superpuso historias, polemiz\u00f3, puso a pensar y convenci\u00f3, era parte de su estilo para ense\u00f1ar. Este programa garantiz\u00f3 un v\u00ednculo directo con el pueblo y, una clase sobre historia, geograf\u00eda, matem\u00e1tica, pol\u00edtica y deportes, entre otras. Ch\u00e1vez se convirti\u00f3 en el maestro del ni\u00f1o, ni\u00f1a, del joven, del adulto, del viejito o viejita, se transform\u00f3 en el maestro del pueblo porque hablaba como nosotros, sin tanto tecnicismos o palabras rebuscadas. <\/span><\/p>\n<p class=\"western\" style=\"text-align: justify;\">\u00a0<\/p>\n<p class=\"western\" style=\"text-align: justify;\"><span style=\"font-family: Arial,sans-serif;\">Por eso me enamor\u00e9 del Tribil\u00edn de Barinas, de ese hombre que no se avergonz\u00f3 de su origen humilde, de ese hombre luchador que asumi\u00f3, desde ni\u00f1o, la responsabilidad de trabajar endulzando la vida de sus compa\u00f1eros de aula y de sus vecinos con su famosas ara\u00f1as: dulce de lechosa, elaborado por las manos sabias de mam\u00e1 Rosa y por lo que cari\u00f1osamente sus amigos le dec\u00edan El Ara\u00f1ero de Sabaneta. <\/span><\/p>\n<p class=\"western\" style=\"text-align: justify;\">\u00a0<\/p>\n<p class=\"western\" style=\"text-align: justify;\"><span style=\"font-family: Arial,sans-serif;\">YC<\/span><\/p>\n","protected":false},"excerpt":{"rendered":"<p>** El presente texto es una inspiraci\u00f3n de la periodista del Inces en el estado Zulia, Yudith Castro<\/p>\n","protected":false},"author":15,"featured_media":12660,"comment_status":"closed","ping_status":"closed","sticky":false,"template":"","format":"aside","meta":{"footnotes":""},"categories":[2],"tags":[],"class_list":["post-12657","post","type-post","status-publish","format-aside","has-post-thumbnail","hentry","category-blog","post_format-post-format-aside"],"_links":{"self":[{"href":"https:\/\/inces.gob.ve\/index.php\/wp-json\/wp\/v2\/posts\/12657","targetHints":{"allow":["GET"]}}],"collection":[{"href":"https:\/\/inces.gob.ve\/index.php\/wp-json\/wp\/v2\/posts"}],"about":[{"href":"https:\/\/inces.gob.ve\/index.php\/wp-json\/wp\/v2\/types\/post"}],"author":[{"embeddable":true,"href":"https:\/\/inces.gob.ve\/index.php\/wp-json\/wp\/v2\/users\/15"}],"replies":[{"embeddable":true,"href":"https:\/\/inces.gob.ve\/index.php\/wp-json\/wp\/v2\/comments?post=12657"}],"version-history":[{"count":0,"href":"https:\/\/inces.gob.ve\/index.php\/wp-json\/wp\/v2\/posts\/12657\/revisions"}],"wp:featuredmedia":[{"embeddable":true,"href":"https:\/\/inces.gob.ve\/index.php\/wp-json\/"}],"wp:attachment":[{"href":"https:\/\/inces.gob.ve\/index.php\/wp-json\/wp\/v2\/media?parent=12657"}],"wp:term":[{"taxonomy":"category","embeddable":true,"href":"https:\/\/inces.gob.ve\/index.php\/wp-json\/wp\/v2\/categories?post=12657"},{"taxonomy":"post_tag","embeddable":true,"href":"https:\/\/inces.gob.ve\/index.php\/wp-json\/wp\/v2\/tags?post=12657"}],"curies":[{"name":"wp","href":"https:\/\/api.w.org\/{rel}","templated":true}]}}