{"id":12694,"date":"2018-03-05T12:26:13","date_gmt":"2018-03-05T18:26:13","guid":{"rendered":"http:\/\/www.inces.gob.ve\/?p=12694"},"modified":"2018-03-05T12:26:13","modified_gmt":"2018-03-05T18:26:13","slug":"inces-vargas-alcaldia-forman-la-juventud-productiva-del-plan-chamba-juvenil","status":"publish","type":"post","link":"https:\/\/inces.gob.ve\/index.php\/2018\/03\/05\/inces-vargas-alcaldia-forman-la-juventud-productiva-del-plan-chamba-juvenil\/","title":{"rendered":"Inces Vargas y alcald\u00eda forman a la Juventud Productiva del Plan Chamba Juvenil"},"content":{"rendered":"<p class=\"western\" style=\"text-align: justify;\"><span style=\"font-family: Arial,sans-serif;\"><span style=\"font-size: medium;\"><i><b>** Los espacios de la Escuela Taller La Guaira ten\u00edan tres a\u00f1os cerrados<\/b><\/i><\/span><\/span><\/p>\n<p class=\"western\" style=\"text-align: justify;\">\n <!--more--><\/p>\n<p>&nbsp;<\/p>\n<p class=\"western\" style=\"text-align: justify;\"><span style=\"font-family: Arial,sans-serif;\"><span style=\"font-size: medium;\"><b>Prensa Inces Vargas.-<\/b> El Instituto Nacional de Capacitaci\u00f3n y Educaci\u00f3n Socialista (Inces), del estado Vargas, suscribe convenio con la alcald\u00eda del municipio Vargas con el fin de formar a m\u00e1s de 200 j\u00f3venes del Plan Chamba Juvenil en oficios que le permita acceder al nuevo modelo econ\u00f3mico que impulsa el Estado venezolano.<img loading=\"lazy\" decoding=\"async\" class=\"size-full wp-image-12698 aligncenter\" src=\"http:\/\/www.inces.gob.ve\/wp-content\/uploads\/2018\/03\/1-Juventud-Productiva-.jpg\" alt=\"\" width=\"850\" height=\"638\" \/><\/span><\/span><\/p>\n<p class=\"western\" style=\"text-align: justify;\"><span style=\"font-family: Arial,sans-serif;\"><span style=\"font-size: medium;\">Carpinter\u00eda B\u00e1sica, Muebles Elaborados en Hierro Forjado, Herrer\u00eda B\u00e1sica, Electricidad, Cocina y Agricultura Urbana son parte de la programaci\u00f3n de arranque en los espacios de la Escuela Taller La Guaira, de lunes a viernes y en dos turnos.<img loading=\"lazy\" decoding=\"async\" class=\"alignnone size-full wp-image-12697\" src=\"http:\/\/www.inces.gob.ve\/wp-content\/uploads\/2018\/03\/2-Juventud-Productiva-.jpg\" alt=\"\" width=\"800\" height=\"600\" \/><\/span><\/span><\/p>\n<p class=\"western\" style=\"text-align: justify;\"><span style=\"font-family: Arial,sans-serif;\"><span style=\"font-size: medium;\">Maestros T\u00e9cnicos Productivos Inces, asumieron el compromiso de formar a estos j\u00f3venes, igualmente por tratarse de un espacio totalmente Hist\u00f3rico recibieron formaci\u00f3n del cronista del estado Vargas Jes\u00fas Cumare el cual celebr\u00f3 el reinicio de las formaciones en oficios en la Escuela Taller La Guaira despu\u00e9s de tres a\u00f1os de inactividad.<img loading=\"lazy\" decoding=\"async\" class=\"alignnone size-full wp-image-12695\" src=\"http:\/\/www.inces.gob.ve\/wp-content\/uploads\/2018\/03\/5-Juventud-Productiva-.jpg\" alt=\"\" width=\"850\" height=\"638\" \/><\/span><\/span><\/p>\n<p class=\"western\" style=\"text-align: justify;\"><span style=\"font-family: Arial,sans-serif;\"><span style=\"font-size: medium;\">El\u00a0<\/span><\/span><em><span style=\"font-family: Arial,sans-serif;\"><span style=\"font-size: medium;\">Plan Chamba Juvenil<\/span><\/span><\/em><span style=\"font-family: Arial,sans-serif;\"><span style=\"font-size: medium;\">\u00a0abri\u00f3 un nuevo espacio de inclusi\u00f3n y visibilizar\u00edan a un sector de la poblaci\u00f3n en los procesos de transformaci\u00f3n del pa\u00eds. El proceso de inscripci\u00f3n continua abierto con el fin de incorporar a todos y todas aquellos que deseen formar parte de este proceso formativo.<\/span><\/span><\/p>\n<p class=\"western\" style=\"text-align: justify;\">\u00a0<\/p>\n<p class=\"western\" style=\"text-align: justify;\"><span style=\"font-family: Arial,sans-serif;\"><span style=\"font-size: medium;\">T\/ Zuvalqui Vargas<\/span><\/span><\/p>\n<p class=\"western\" style=\"text-align: justify;\"><span style=\"font-family: Arial,sans-serif;\"><span style=\"font-size: medium;\"><\/p>\n<p> <\/span><\/span><\/p>\n","protected":false},"excerpt":{"rendered":"<p>** Los espacios de la Escuela Taller La Guaira ten\u00edan tres a\u00f1os cerrados<\/p>\n","protected":false},"author":15,"featured_media":12696,"comment_status":"closed","ping_status":"closed","sticky":false,"template":"","format":"aside","meta":{"footnotes":""},"categories":[2],"tags":[],"class_list":["post-12694","post","type-post","status-publish","format-aside","has-post-thumbnail","hentry","category-blog","post_format-post-format-aside"],"_links":{"self":[{"href":"https:\/\/inces.gob.ve\/index.php\/wp-json\/wp\/v2\/posts\/12694","targetHints":{"allow":["GET"]}}],"collection":[{"href":"https:\/\/inces.gob.ve\/index.php\/wp-json\/wp\/v2\/posts"}],"about":[{"href":"https:\/\/inces.gob.ve\/index.php\/wp-json\/wp\/v2\/types\/post"}],"author":[{"embeddable":true,"href":"https:\/\/inces.gob.ve\/index.php\/wp-json\/wp\/v2\/users\/15"}],"replies":[{"embeddable":true,"href":"https:\/\/inces.gob.ve\/index.php\/wp-json\/wp\/v2\/comments?post=12694"}],"version-history":[{"count":0,"href":"https:\/\/inces.gob.ve\/index.php\/wp-json\/wp\/v2\/posts\/12694\/revisions"}],"wp:featuredmedia":[{"embeddable":true,"href":"https:\/\/inces.gob.ve\/index.php\/wp-json\/"}],"wp:attachment":[{"href":"https:\/\/inces.gob.ve\/index.php\/wp-json\/wp\/v2\/media?parent=12694"}],"wp:term":[{"taxonomy":"category","embeddable":true,"href":"https:\/\/inces.gob.ve\/index.php\/wp-json\/wp\/v2\/categories?post=12694"},{"taxonomy":"post_tag","embeddable":true,"href":"https:\/\/inces.gob.ve\/index.php\/wp-json\/wp\/v2\/tags?post=12694"}],"curies":[{"name":"wp","href":"https:\/\/api.w.org\/{rel}","templated":true}]}}