{"id":12706,"date":"2018-03-05T15:33:06","date_gmt":"2018-03-05T21:33:06","guid":{"rendered":"http:\/\/www.inces.gob.ve\/?p=12706"},"modified":"2018-03-05T15:33:06","modified_gmt":"2018-03-05T21:33:06","slug":"inces-carabobo-conmemora-5-anos-la-siembra-del-comandante-chavez","status":"publish","type":"post","link":"https:\/\/inces.gob.ve\/index.php\/2018\/03\/05\/inces-carabobo-conmemora-5-anos-la-siembra-del-comandante-chavez\/","title":{"rendered":"Inces Carabobo conmemora 5 a\u00f1os de la siembra del  Comandante Ch\u00e1vez"},"content":{"rendered":"<p align=\"center\">\u00a0<\/p>\n<p style=\"text-align: justify;\" align=\"center\"><strong><em>*** Actos c\u00edvicos ser\u00e1n propicios para que dar a conocer mas de la historia del hombre de las luchas de amor por la patria venezolana <\/em><\/strong><!--more--><\/p>\n<p style=\"text-align: justify;\" align=\"center\">\n <\/p>\n<p style=\"text-align: justify;\" align=\"justify\"><strong>Prensa Inces Carabobo.-<\/strong> Durante 5 d\u00edas consecutivos, a partir de este lunes 5 de marzo, se conmemorar\u00e1 el quinto aniversario de la siembra del comandante Hugo Rafael Ch\u00e1vez Fr\u00edas, en todos los Centros de Formaci\u00f3n Socialista del Inces en Carabobo.<\/p>\n<p align=\"justify\">\u00a0<\/p>\n<p align=\"justify\"><img loading=\"lazy\" decoding=\"async\" class=\"size-full wp-image-12707 aligncenter\" src=\"http:\/\/www.inces.gob.ve\/wp-content\/uploads\/2018\/03\/IMG-20180305-WA0020.jpg\" alt=\"\" width=\"1080\" height=\"810\" \/><\/p>\n<p align=\"justify\">\u00a0<\/p>\n<p style=\"text-align: justify;\" align=\"justify\">El gerente regional Guy\u00e9n Soto manifest\u00f3 que la programaci\u00f3n especial en cada CFS del Instituto Nacional de Capacitaci\u00f3n y Educaci\u00f3n Socialista, se dar\u00e1n a conocer mayores an\u00e9cdotas de su infancia, juventud, su paso por la vida militar, el antes y el despu\u00e9s de llegar a la Presidencia de la Rep\u00fablica, adem\u00e1s de su legado de amor y entrega al pueblo de la patria venezolana.<\/p>\n<p align=\"justify\">\u00a0<\/p>\n<p align=\"justify\"><img loading=\"lazy\" decoding=\"async\" class=\"size-full wp-image-12708 aligncenter\" src=\"http:\/\/www.inces.gob.ve\/wp-content\/uploads\/2018\/03\/IMG-20180305-WA0019.jpg\" alt=\"\" width=\"1080\" height=\"810\" \/><\/p>\n<p align=\"justify\">\u00a0<\/p>\n<p style=\"text-align: justify;\" align=\"justify\">Dentro de las actividades, que incluir\u00e1n conversatorios en los actos c\u00edvicos y foros donde se hablar\u00e1 del Ch\u00e1vez humano, Ch\u00e1vez padre, Ch\u00e1vez educador, Ch\u00e1vez de amor, Ch\u00e1vez Comandante Supremo, conllevar\u00e1 a conocer sobre m\u00e1s aspectos que han marcando un legado en cada familia venezolana.<\/p>\n<p align=\"justify\">\u00a0<\/p>\n<p style=\"text-align: justify;\" align=\"justify\"><strong>El comienzo de una dura batalla <\/strong><\/p>\n<p style=\"text-align: justify;\" align=\"justify\">El 9 de mayo de 2011, el entonces presidente suspendi\u00f3 una gira por Brasil, Ecuador y Cuba debido a una inflamaci\u00f3n en la rodilla que le oblig\u00f3 a mantener reposo absoluto.<\/p>\n<p align=\"justify\">\u00a0<\/p>\n<p style=\"text-align: justify;\" align=\"justify\">En junio, viaj\u00f3 a La Habana, donde requiri\u00f3 de una intervenci\u00f3n quir\u00fargica de urgencia. El 30 de junio de 2011 Ch\u00e1vez anunci\u00f3 que fue operado en Cuba de un tumor canceroso y a partir de este momento inici\u00f3 la batalla contra esta enfermedad que durar\u00eda 2 a\u00f1os.<\/p>\n<p align=\"justify\">\u00a0<\/p>\n<p style=\"text-align: justify;\" align=\"justify\">El 21 de febrero del 2012, anunci\u00f3 que, de hacerse ex\u00e1menes en La Habana, ser\u00eda nuevamente intervenido. Hab\u00edan detectado una lesi\u00f3n en la misma zona donde le fue diagnosticado el tumor cancer\u00edgeno el a\u00f1o anterior.<\/p>\n<p align=\"justify\">\u00a0<\/p>\n<p style=\"text-align: justify;\" align=\"justify\">El 11 de diciembre de 2012 fue operado en La Habana y comenz\u00f3 para \u00e9l un delicado proceso postoperatorio. El 18 de febrero de 2013, el Presidente regres\u00f3 a Caracas.<\/p>\n<p align=\"justify\">\u00a0<\/p>\n<p style=\"text-align: justify;\" align=\"justify\">Falleci\u00f3 el 5 de marzo de 2013 a los 58 a\u00f1os de edad en el Hospital Militar de Caracas. La noticia de su muerte se dio a conocer a las 4:25 p.m. en Cadena Nacional por el entonces vicepresidente de la Rep\u00fablica, Nicol\u00e1s Maduro.<\/p>\n<p align=\"justify\">\u00a0<\/p>\n<p style=\"text-align: justify;\" align=\"justify\">Desde entonces se convirti\u00f3 en legado de amor para el pueblo noble de Venezuela, legado que llevar\u00e1 la patria por siempre y para siempre.<\/p>\n<p style=\"text-align: justify;\" align=\"justify\">\n <\/p>\n<p style=\"text-align: justify;\" align=\"justify\"><strong>T\/Prensa Inces Carabobo.- <\/strong><\/p>\n","protected":false},"excerpt":{"rendered":"<p>\u00a0 *** Actos c\u00edvicos ser\u00e1n propicios para que dar a conocer mas de la historia del hombre de las luchas de amor por la patria venezolana<\/p>\n","protected":false},"author":15,"featured_media":12709,"comment_status":"closed","ping_status":"closed","sticky":false,"template":"","format":"aside","meta":{"footnotes":""},"categories":[2],"tags":[],"class_list":["post-12706","post","type-post","status-publish","format-aside","has-post-thumbnail","hentry","category-blog","post_format-post-format-aside"],"_links":{"self":[{"href":"https:\/\/inces.gob.ve\/index.php\/wp-json\/wp\/v2\/posts\/12706","targetHints":{"allow":["GET"]}}],"collection":[{"href":"https:\/\/inces.gob.ve\/index.php\/wp-json\/wp\/v2\/posts"}],"about":[{"href":"https:\/\/inces.gob.ve\/index.php\/wp-json\/wp\/v2\/types\/post"}],"author":[{"embeddable":true,"href":"https:\/\/inces.gob.ve\/index.php\/wp-json\/wp\/v2\/users\/15"}],"replies":[{"embeddable":true,"href":"https:\/\/inces.gob.ve\/index.php\/wp-json\/wp\/v2\/comments?post=12706"}],"version-history":[{"count":0,"href":"https:\/\/inces.gob.ve\/index.php\/wp-json\/wp\/v2\/posts\/12706\/revisions"}],"wp:featuredmedia":[{"embeddable":true,"href":"https:\/\/inces.gob.ve\/index.php\/wp-json\/"}],"wp:attachment":[{"href":"https:\/\/inces.gob.ve\/index.php\/wp-json\/wp\/v2\/media?parent=12706"}],"wp:term":[{"taxonomy":"category","embeddable":true,"href":"https:\/\/inces.gob.ve\/index.php\/wp-json\/wp\/v2\/categories?post=12706"},{"taxonomy":"post_tag","embeddable":true,"href":"https:\/\/inces.gob.ve\/index.php\/wp-json\/wp\/v2\/tags?post=12706"}],"curies":[{"name":"wp","href":"https:\/\/api.w.org\/{rel}","templated":true}]}}