{"id":12778,"date":"2018-03-06T09:14:01","date_gmt":"2018-03-06T15:14:01","guid":{"rendered":"http:\/\/www.inces.gob.ve\/?p=12778"},"modified":"2020-05-28T20:34:40","modified_gmt":"2020-05-29T00:34:40","slug":"trabajadores-del-inces-presentes-actos-conmemorativos-la-siembra-del-comandante","status":"publish","type":"post","link":"https:\/\/inces.gob.ve\/index.php\/2018\/03\/06\/trabajadores-del-inces-presentes-actos-conmemorativos-la-siembra-del-comandante\/","title":{"rendered":"Trabajadores del inces presentes en actos conmemorativos de la siembra del Comandante"},"content":{"rendered":"<p style=\"text-align: justify;\"><em><strong><span style=\"font-family: Arial,sans-serif;\">**Un grupo de trabajadores del Inces acompa\u00f1\u00f3 la concentraci\u00f3n conmemorativa de los cinco a\u00f1os de la siembra del presidente Hugo Ch\u00e1vez Fr\u00edas, en el marco de un conjunto de actividades organizados por movimientos sociales, partidos pol\u00edticos y personalidades del mundo, en solidaridad con la Rep\u00fablica Bolivariana de Venezuela. <\/span><\/strong><\/em><\/p>\n<p>&nbsp;<\/p>\n<p style=\"text-align: justify;\"><!--more--><\/p>\n<p style=\"text-align: justify;\">\u00a0<\/p>\n<p style=\"text-align: justify;\"><span style=\"font-family: Arial,sans-serif;\">Estos actos de solidaridad internacional se realizan en momentos de un brutal asedio econ\u00f3mico, financiero y medi\u00e1tico contra la naci\u00f3n venezolana, promovidos por los centros pol\u00edticos y financieros occidentales que pujan por un cambio de gobierno af\u00edn a sus intereses, buscando controlar las riquezas energ\u00e9ticas y financieras de Venezuela. <img loading=\"lazy\" decoding=\"async\" class=\"aligncenter wp-image-12783\" src=\"http:\/\/www.inces.gob.ve\/wp-content\/uploads\/2018\/03\/1Trabajadores-del-inces.jpg\" alt=\"\" width=\"700\" height=\"460\" \/><\/span><\/p>\n<p style=\"text-align: justify;\">\u00a0<\/p>\n<p style=\"text-align: justify;\"><span style=\"font-family: Arial,sans-serif;\">En horas de la tarde la concentraci\u00f3n tom\u00f3 forma de acto masivo con diversas actividades culturales previas al discurso que luego dar\u00eda el presidente Nicol\u00e1s Maduro Moros, en cuyo mensaje principal invit\u00f3 al pueblo venezolano a votar por la paz en las pr\u00f3ximas elecciones presidenciales organizadas para este pr\u00f3ximo 20 de mayo. <img loading=\"lazy\" decoding=\"async\" class=\"aligncenter wp-image-12780 size-full\" src=\"http:\/\/www.inces.gob.ve\/wp-content\/uploads\/2018\/03\/5Trabajadores-del-inces.jpg\" alt=\"\" width=\"850\" height=\"566\" \/><\/span><\/p>\n<p style=\"text-align: justify;\">El trabajador Franklin Rodr\u00edguez, de la gerencia de Formaci\u00f3n Profesional, dijo que el mejor homenaje al presidente Ch\u00e1vez, en estos cinco a\u00f1os de su siembra, es trabajar, estudiar y querer m\u00e1s a la patria, defender los valores socialistas, como la solidaridad, la honestidad y sobre todo, \u201cvalorar al pa\u00eds, m\u00e1s all\u00e1 de cualquier circunstancia dif\u00edcil que estemos pasando como pueblo\u201d.<\/p>\n<p style=\"text-align: justify;\">\u00a0<\/p>\n<p style=\"text-align: justify;\">Carlos Rodr\u00edguez, de la oficina de Auditor\u00eda, expres\u00f3 que \u201cla siembra del comandante la conmemoramos con una numerosa concentraci\u00f3n, como una muestra de lealtad y de constancia del pueblo por todo lo que realiz\u00f3 en vida en favor del pueblo venezolano\u201d.<\/p>\n<p style=\"text-align: justify;\">\u00a0<\/p>\n<p style=\"text-align: justify;\">Por su parte, Jhon Rodr\u00edguez, de Juventud Productiva Inces, se\u00f1al\u00f3 que la juventud est\u00e1 presente en estos actos conmemorativos para seguir construyendo el proyecto de democracia participativa que so\u00f1\u00f3 el presidente Ch\u00e1vez.<\/p>\n<p style=\"text-align: justify;\">\u00a0<\/p>\n<p style=\"text-align: justify;\">\u201cHace cinco a\u00f1os lo perdimos, pero estamos conscientes de que el tiempo que estuvo al frente de la conducci\u00f3n de Venezuela, fue suficiente para trazar este proceso de transformaci\u00f3n que hoy contin\u00faa en el pa\u00eds.<\/p>\n<p style=\"text-align: justify;\">\u00a0<\/p>\n<p style=\"text-align: justify;\">\u201cHoy el pueblo no es solo una masa que mira la pol\u00edtica desde lejos, hoy el pueblo est\u00e1 m\u00e1s formado en la pol\u00edtica, m\u00e1s formado sobre sus derechos sociales, y a cinco a\u00f1os de su siembra, hoy seguimos defendiendo su legado pol\u00edtico, moral y revolucionario frente a los que quieren restaurar las pol\u00edticas fracasadas del neoliberalismo en el pa\u00eds\u201d.<img loading=\"lazy\" decoding=\"async\" class=\"size-full wp-image-12784 aligncenter\" src=\"http:\/\/www.inces.gob.ve\/wp-content\/uploads\/2018\/03\/1profundizar-la-Revoluci\u00f3n-1.jpg\" alt=\"\" width=\"850\" height=\"574\" \/><\/p>\n<p style=\"text-align: justify;\">\u00a0<\/p>\n<p style=\"text-align: justify;\">Freddy Mart\u00ednez<\/p>\n<p style=\"text-align: justify;\">\u00a0<\/p>\n<p style=\"text-align: justify;\">\u00a0<\/p>\n<p style=\"text-align: justify;\"><span style=\"font-family: Arial,sans-serif;\">\u00a0<\/span><\/p>\n<p>&nbsp;<\/p>\n","protected":false},"excerpt":{"rendered":"<p>**Un grupo de trabajadores del Inces acompa\u00f1\u00f3 la concentraci\u00f3n conmemorativa de los cinco a\u00f1os de la siembra del presidente Hugo Ch\u00e1vez Fr\u00edas, en el marco de un conjunto de actividades organizados por movimientos sociales, partidos pol\u00edticos y personalidades del mundo, en solidaridad con la Rep\u00fablica Bolivariana de Venezuela. &nbsp;<\/p>\n","protected":false},"author":15,"featured_media":12781,"comment_status":"closed","ping_status":"closed","sticky":false,"template":"","format":"aside","meta":{"footnotes":""},"categories":[2],"tags":[],"class_list":["post-12778","post","type-post","status-publish","format-aside","has-post-thumbnail","hentry","category-blog","post_format-post-format-aside"],"_links":{"self":[{"href":"https:\/\/inces.gob.ve\/index.php\/wp-json\/wp\/v2\/posts\/12778","targetHints":{"allow":["GET"]}}],"collection":[{"href":"https:\/\/inces.gob.ve\/index.php\/wp-json\/wp\/v2\/posts"}],"about":[{"href":"https:\/\/inces.gob.ve\/index.php\/wp-json\/wp\/v2\/types\/post"}],"author":[{"embeddable":true,"href":"https:\/\/inces.gob.ve\/index.php\/wp-json\/wp\/v2\/users\/15"}],"replies":[{"embeddable":true,"href":"https:\/\/inces.gob.ve\/index.php\/wp-json\/wp\/v2\/comments?post=12778"}],"version-history":[{"count":1,"href":"https:\/\/inces.gob.ve\/index.php\/wp-json\/wp\/v2\/posts\/12778\/revisions"}],"predecessor-version":[{"id":35028,"href":"https:\/\/inces.gob.ve\/index.php\/wp-json\/wp\/v2\/posts\/12778\/revisions\/35028"}],"wp:featuredmedia":[{"embeddable":true,"href":"https:\/\/inces.gob.ve\/index.php\/wp-json\/"}],"wp:attachment":[{"href":"https:\/\/inces.gob.ve\/index.php\/wp-json\/wp\/v2\/media?parent=12778"}],"wp:term":[{"taxonomy":"category","embeddable":true,"href":"https:\/\/inces.gob.ve\/index.php\/wp-json\/wp\/v2\/categories?post=12778"},{"taxonomy":"post_tag","embeddable":true,"href":"https:\/\/inces.gob.ve\/index.php\/wp-json\/wp\/v2\/tags?post=12778"}],"curies":[{"name":"wp","href":"https:\/\/api.w.org\/{rel}","templated":true}]}}