{"id":12818,"date":"2018-03-07T07:44:41","date_gmt":"2018-03-07T13:44:41","guid":{"rendered":"http:\/\/www.inces.gob.ve\/?p=12818"},"modified":"2018-03-07T07:44:41","modified_gmt":"2018-03-07T13:44:41","slug":"inces-carabobo-imparte-cursos-jovenes-especiales-del-taller-laboral-naguanagua","status":"publish","type":"post","link":"https:\/\/inces.gob.ve\/index.php\/2018\/03\/07\/inces-carabobo-imparte-cursos-jovenes-especiales-del-taller-laboral-naguanagua\/","title":{"rendered":"Inces Carabobo imparte cursos a j\u00f3venes especiales del Taller Laboral en Naguanagua"},"content":{"rendered":"<p class=\"western\" style=\"text-align: justify;\" align=\"justify\"><span style=\"font-family: Arial,sans-serif;\"><span style=\"font-size: medium;\"><i><b>** J\u00f3venes de educaci\u00f3n especial son atendidos formativamente en diversos oficios productivos <\/b><\/i><\/span><\/span><\/p>\n<p class=\"western\" style=\"text-align: justify;\" align=\"justify\"><!--more--><\/p>\n<p align=\"justify\">\u00a0<\/p>\n<p class=\"western\" style=\"text-align: justify;\" align=\"justify\"><span style=\"font-family: Arial,sans-serif;\"><span style=\"font-size: medium;\"><b>Prensa Inces Carabobo<\/b>.- Mar\u00eda Auxiliadora Pinto, jefa del centro de formaci\u00f3n socialista en el Inces Carabobo, afirm\u00f3 que la finalidad formativa de la instituci\u00f3n est\u00e1 orientada a valorar los procesos de todas y todos los j\u00f3venes de educaci\u00f3n especial del taller laboral ubicado en el municipio Naguanagua, quienes desarrollan los cursos en las \u00e1reas textil y agr\u00edcola.<\/span><\/span><\/p>\n<p align=\"justify\">\u00a0<\/p>\n<p class=\"western\" style=\"text-align: justify;\" align=\"justify\"><span style=\"font-family: Arial,sans-serif;\"><span style=\"font-size: medium;\">El objetivo primordial es capacitarlos en aquellos oficios que les den la oportunidad de ser incluidos en el campo laboral productivo, por ser ellos j\u00f3venes de gran potencial intelectual.<\/span><\/span><\/p>\n<p class=\"western\" style=\"text-align: justify;\" align=\"justify\">\u00a0<\/p>\n<p class=\"western\" style=\"text-align: justify;\" align=\"justify\">\u201c<span style=\"font-family: Arial,sans-serif;\"><span style=\"font-size: medium;\">Estas formaciones cuentan con 20 participantes, los cuales est\u00e1n distribuidos en las \u00e1reas textil y agr\u00edcola. Una culminada cada una de las fases se rotan a la formaci\u00f3n profesional que m\u00e1s les guste\u201d, afirm\u00f3 Pinto. <\/span><\/span><\/p>\n<p class=\"western\" style=\"text-align: justify;\" align=\"justify\">\u00a0<\/p>\n<p class=\"western\" style=\"text-align: justify;\" align=\"justify\"><span style=\"font-family: Arial,sans-serif;\"><span style=\"font-size: medium;\">En resumen, los procesos de aprendizaje (c\u00f3mo se aprende) y los rendimientos (qu\u00e9 se aprende) est\u00e1n estrechamente vinculados para el momento que les corresponda ejercer la acci\u00f3n laboral. <\/span><\/span><\/p>\n<p align=\"justify\">\u00a0<\/p>\n<p class=\"western\" style=\"text-align: justify;\" align=\"justify\">\u00a0<\/p>\n<p class=\"western\" style=\"text-align: justify;\" align=\"justify\"><span style=\"font-family: Arial,sans-serif;\"><span style=\"font-size: medium;\">As\u00ed mismo se pudo conocer que los promotores t\u00e9cnicos productivos y maestros t\u00e9cnicos voluntariosdel Inces les brindan a estos j\u00f3venes especiales una educaci\u00f3n ajustada a lo que ellos requieren para lograr sus objetivos educativos. Esto en particular es importante, ya que se forman con una regulaci\u00f3n bajo el lema de formar produciendo y producir formando.<\/span><\/span><\/p>\n<p class=\"western\" style=\"text-align: justify;\" align=\"justify\">\u00a0<\/p>\n<p class=\"western\" style=\"text-align: justify;\" align=\"justify\"><span style=\"font-family: Arial,sans-serif;\"><span style=\"font-size: medium;\">T\/Nathalie G\u00f3mez.- <\/span><\/span><\/p>\n<p class=\"western\" style=\"text-align: justify;\" align=\"justify\"><span style=\"font-family: Arial,sans-serif;\"><span style=\"font-size: medium;\">.<\/span><\/span><\/p>\n","protected":false},"excerpt":{"rendered":"<p>** J\u00f3venes de educaci\u00f3n especial son atendidos formativamente en diversos oficios productivos<\/p>\n","protected":false},"author":15,"featured_media":12820,"comment_status":"closed","ping_status":"closed","sticky":false,"template":"","format":"aside","meta":{"footnotes":""},"categories":[2],"tags":[],"class_list":["post-12818","post","type-post","status-publish","format-aside","has-post-thumbnail","hentry","category-blog","post_format-post-format-aside"],"_links":{"self":[{"href":"https:\/\/inces.gob.ve\/index.php\/wp-json\/wp\/v2\/posts\/12818","targetHints":{"allow":["GET"]}}],"collection":[{"href":"https:\/\/inces.gob.ve\/index.php\/wp-json\/wp\/v2\/posts"}],"about":[{"href":"https:\/\/inces.gob.ve\/index.php\/wp-json\/wp\/v2\/types\/post"}],"author":[{"embeddable":true,"href":"https:\/\/inces.gob.ve\/index.php\/wp-json\/wp\/v2\/users\/15"}],"replies":[{"embeddable":true,"href":"https:\/\/inces.gob.ve\/index.php\/wp-json\/wp\/v2\/comments?post=12818"}],"version-history":[{"count":0,"href":"https:\/\/inces.gob.ve\/index.php\/wp-json\/wp\/v2\/posts\/12818\/revisions"}],"wp:featuredmedia":[{"embeddable":true,"href":"https:\/\/inces.gob.ve\/index.php\/wp-json\/"}],"wp:attachment":[{"href":"https:\/\/inces.gob.ve\/index.php\/wp-json\/wp\/v2\/media?parent=12818"}],"wp:term":[{"taxonomy":"category","embeddable":true,"href":"https:\/\/inces.gob.ve\/index.php\/wp-json\/wp\/v2\/categories?post=12818"},{"taxonomy":"post_tag","embeddable":true,"href":"https:\/\/inces.gob.ve\/index.php\/wp-json\/wp\/v2\/tags?post=12818"}],"curies":[{"name":"wp","href":"https:\/\/api.w.org\/{rel}","templated":true}]}}