{"id":12823,"date":"2018-03-07T07:55:58","date_gmt":"2018-03-07T13:55:58","guid":{"rendered":"http:\/\/www.inces.gob.ve\/?p=12823"},"modified":"2018-03-07T07:55:58","modified_gmt":"2018-03-07T13:55:58","slug":"memoria-comandante-chavez-conmemorada-segundo-dia-consecutivo-inces-trujillo","status":"publish","type":"post","link":"https:\/\/inces.gob.ve\/index.php\/2018\/03\/07\/memoria-comandante-chavez-conmemorada-segundo-dia-consecutivo-inces-trujillo\/","title":{"rendered":"Memoria de comandante Ch\u00e1vez conmemorada por segundo d\u00eda consecutivo en Inces Trujillo"},"content":{"rendered":"<p style=\"text-align: justify;\" align=\"justify\"><span style=\"font-family: Arial,sans-serif;\"><i><b>**Espacios del CFS \u201cAl\u00ed Primera\u201d fueron el sitio de encuentro para que aprendices homenajearan y conocieran un poco m\u00e1s sobre la vida y obra del Comandante Supremo Hugo Ch\u00e1vez Fr\u00edas<\/b><\/i><\/span><\/p>\n<p style=\"text-align: justify;\" align=\"justify\"><!--more--><\/p>\n<p style=\"text-align: justify;\" align=\"justify\"><span style=\"font-family: Arial,sans-serif;\"><b>Prensa Inces Trujillo.<\/b>&#8211; Por segundo d\u00eda consecutivo, j\u00f3venes que integran el Programa Nacional de Aprendizaje del Instituto Nacional de Capacitaci\u00f3n y Educaci\u00f3n Socialista (Incres) del estado Trujillo, rindieron tributo a la memoria del Comandante Supremo, Hugo Ch\u00e1vez, a 5 a\u00f1os de su siembra. <img loading=\"lazy\" decoding=\"async\" class=\"size-full wp-image-12825 aligncenter\" src=\"http:\/\/www.inces.gob.ve\/wp-content\/uploads\/2018\/03\/4encuentro-.jpg\" alt=\"\" width=\"850\" height=\"478\" \/> <\/span><\/p>\n<p style=\"text-align: justify;\" align=\"justify\"><span style=\"font-family: Arial,sans-serif;\">En el auditorio \u201cLuis Beltr\u00e1n Prieto Figueroa\u201d del Centro de Formaci\u00f3n Socialista (CFS) \u201cAl\u00ed Primera\u201d, estos aprendices dedicaron una ma\u00f1ana llena de cantos, poemas y lecturas, a quien se le reconoce como el l\u00edder de la Revoluci\u00f3n Bolivariana.<img loading=\"lazy\" decoding=\"async\" class=\"size-full wp-image-12827 aligncenter\" src=\"http:\/\/www.inces.gob.ve\/wp-content\/uploads\/2018\/03\/2encuentro-.jpg\" alt=\"\" width=\"850\" height=\"478\" \/><\/span><\/p>\n<p style=\"text-align: justify;\" align=\"justify\">\u00a0<\/p>\n<p style=\"text-align: justify;\" align=\"justify\"><span style=\"font-family: Arial,sans-serif;\">Igualmente, se cont\u00f3 durante la actividad con la presencia de la profesora Nuvia Uribe, quien es miembro del <\/span><em><span style=\"font-family: Arial,sans-serif;\">Ministerio<\/span><\/em><span style=\"font-family: Arial,sans-serif;\"> del Poder Popular para la <\/span><em><span style=\"font-family: Arial,sans-serif;\">Cultura en el estado Trujillo, y ofreci\u00f3 palabras a los j\u00f3venes recordando \u201cel gran esfuerzo del Comandante para que la juventud venezolana tuviera oportunidades de estudio, empleo y dem\u00e1s\u201d.<\/span><\/em><\/p>\n<p style=\"text-align: justify;\" align=\"justify\"><img loading=\"lazy\" decoding=\"async\" class=\"size-full wp-image-12826 aligncenter\" src=\"http:\/\/www.inces.gob.ve\/wp-content\/uploads\/2018\/03\/3encuentro-.jpg\" alt=\"\" width=\"850\" height=\"478\" \/><\/p>\n<p style=\"text-align: justify;\" align=\"justify\"><span style=\"font-family: Arial,sans-serif;\">Cabe destacar que los estudiantes tambi\u00e9n fueron espectadores de un material audiovisual en el que los trabajos y logros del segundo padre de la patria fueron mostrados. Por su parte, la Oficina de Cultura, Deporte, Recreaci\u00f3n y Participaci\u00f3n Comunal del Inces Trujillo fue representada por el profesor de m\u00fasica, Marcos Abreu, quien en compa\u00f1\u00eda de la aprendiz Noelia Castillo, interpret\u00f3 la canci\u00f3n Nostalgia Andina.<img loading=\"lazy\" decoding=\"async\" class=\"size-full wp-image-12824 aligncenter\" src=\"http:\/\/www.inces.gob.ve\/wp-content\/uploads\/2018\/03\/5encuentro-.jpg\" alt=\"\" width=\"850\" height=\"478\" \/><\/span><\/p>\n<p style=\"text-align: justify;\" align=\"justify\">\u00a0<\/p>\n<p style=\"text-align: justify;\" align=\"justify\"><span style=\"font-family: Arial,sans-serif;\">Finalmente, el Inces Trujillo, a cargo de la gerente Ang\u00e9lica Mor\u00f3n, se ha encargado de rendir homenaje al Comandante Supremo, quien reiteraba que la juventud deb\u00eda tomar las riendas de la Venezuela del siglo XXI, pues esta era la mejor de todas las generaciones en 500 a\u00f1os.<img loading=\"lazy\" decoding=\"async\" class=\"size-full wp-image-12828 aligncenter\" src=\"http:\/\/www.inces.gob.ve\/wp-content\/uploads\/2018\/03\/1encuentro-.jpg\" alt=\"\" width=\"850\" height=\"478\" \/><\/span><\/p>\n<p style=\"text-align: justify;\" align=\"justify\"><span style=\"font-family: Arial,sans-serif;\">T\/ G\u00e9nesis Camacho<\/span><\/p>\n","protected":false},"excerpt":{"rendered":"<p>**Espacios del CFS \u201cAl\u00ed Primera\u201d fueron el sitio de encuentro para que aprendices homenajearan y conocieran un poco m\u00e1s sobre la vida y obra del Comandante Supremo Hugo Ch\u00e1vez Fr\u00edas<\/p>\n","protected":false},"author":15,"featured_media":12828,"comment_status":"closed","ping_status":"closed","sticky":false,"template":"","format":"aside","meta":{"footnotes":""},"categories":[2],"tags":[],"class_list":["post-12823","post","type-post","status-publish","format-aside","has-post-thumbnail","hentry","category-blog","post_format-post-format-aside"],"_links":{"self":[{"href":"https:\/\/inces.gob.ve\/index.php\/wp-json\/wp\/v2\/posts\/12823","targetHints":{"allow":["GET"]}}],"collection":[{"href":"https:\/\/inces.gob.ve\/index.php\/wp-json\/wp\/v2\/posts"}],"about":[{"href":"https:\/\/inces.gob.ve\/index.php\/wp-json\/wp\/v2\/types\/post"}],"author":[{"embeddable":true,"href":"https:\/\/inces.gob.ve\/index.php\/wp-json\/wp\/v2\/users\/15"}],"replies":[{"embeddable":true,"href":"https:\/\/inces.gob.ve\/index.php\/wp-json\/wp\/v2\/comments?post=12823"}],"version-history":[{"count":0,"href":"https:\/\/inces.gob.ve\/index.php\/wp-json\/wp\/v2\/posts\/12823\/revisions"}],"wp:featuredmedia":[{"embeddable":true,"href":"https:\/\/inces.gob.ve\/index.php\/wp-json\/"}],"wp:attachment":[{"href":"https:\/\/inces.gob.ve\/index.php\/wp-json\/wp\/v2\/media?parent=12823"}],"wp:term":[{"taxonomy":"category","embeddable":true,"href":"https:\/\/inces.gob.ve\/index.php\/wp-json\/wp\/v2\/categories?post=12823"},{"taxonomy":"post_tag","embeddable":true,"href":"https:\/\/inces.gob.ve\/index.php\/wp-json\/wp\/v2\/tags?post=12823"}],"curies":[{"name":"wp","href":"https:\/\/api.w.org\/{rel}","templated":true}]}}