{"id":12913,"date":"2018-03-08T12:13:49","date_gmt":"2018-03-08T18:13:49","guid":{"rendered":"http:\/\/www.inces.gob.ve\/?p=12913"},"modified":"2020-05-28T20:32:56","modified_gmt":"2020-05-29T00:32:56","slug":"jornada-agricultura-urbana-cfs-cagua","status":"publish","type":"post","link":"https:\/\/inces.gob.ve\/index.php\/2018\/03\/08\/jornada-agricultura-urbana-cfs-cagua\/","title":{"rendered":"Jornada de agricultura urbana en el CFS Cagua"},"content":{"rendered":"<p class=\"western\" style=\"text-align: justify;\" align=\"justify\"><span style=\"font-family: Arial,sans-serif;\"><i><b>** Procurando la administraci\u00f3n sostenible de los recursos<\/b><\/i><\/span><\/p>\n<p align=\"justify\">\u00a0<\/p>\n<p style=\"text-align: justify;\" align=\"justify\"><!--more--><\/p>\n<p align=\"justify\">\u00a0<\/p>\n<p class=\"western\" style=\"text-align: justify;\" align=\"justify\"><span style=\"font-family: Arial,sans-serif;\"><b>Prensa Inces Aragua<\/b>.- Alrededor del Motor Agroalimentario en la regi\u00f3n, servidores p\u00fablicos del Inces, j\u00f3venes aprendices y la comunidad, unieron voluntades y participaron activamente en el impulso de la producci\u00f3n agr\u00edcola, con el firme prop\u00f3sito de avanzar hacia la construcci\u00f3n del nuevo modelo econ\u00f3mico productivo.<\/span><\/p>\n<p class=\"western\" style=\"text-align: justify;\" align=\"justify\"><img loading=\"lazy\" decoding=\"async\" class=\"alignnone size-full wp-image-12915\" src=\"http:\/\/www.inces.gob.ve\/wp-content\/uploads\/2018\/03\/1-agricultura-urbana-.jpg\" alt=\"\" width=\"850\" height=\"638\" \/>\n <\/p>\n<p class=\"western\" style=\"text-align: justify;\" align=\"justify\"><a name=\"__DdeLink__97_390360763\"><\/a> <span style=\"font-family: Arial,sans-serif;\">La actividad, coordinada por el Programa Agr\u00edcola Inces y realizada en los espacios del CFS Cagua, municipio Sucre, busca promover procesos comunitarios de soberan\u00eda alimentaria, que garanticen la continuidad e independencia de las comunidades y los pueblos a trav\u00e9s de la administraci\u00f3n sostenible de los recursos.<\/span><\/p>\n<p class=\"western\" style=\"text-align: justify;\" align=\"justify\">\n <\/p>\n<p class=\"western\" style=\"text-align: justify;\" align=\"justify\"><span style=\"font-family: Arial,sans-serif;\">En el actual contexto socio econ\u00f3mico, el Inces, no s\u00f3lo asume la responsabilidad de formar en sus aulas a los j\u00f3venes en el \u00e1rea de la agricultura urbana ,sino que adem\u00e1s aprovecha de manera organizada los espacios del CFS, para sembrar yuca, caraotas y reemplazar la mata de cambur.<\/span><\/p>\n<p class=\"western\" style=\"text-align: justify;\" align=\"justify\">\n <\/p>\n<p class=\"western\" style=\"text-align: justify;\" align=\"justify\"><span style=\"font-family: Arial,sans-serif;\">As\u00ed mismo, en el desarrollo de la jornada voluntaria y con el apoyo de los sujetos de aprendizaje, se realiz\u00f3 la limpieza de \u00e1reas verdes y el mantenimiento de la red el\u00e9ctrica del CFS.<\/span><\/p>\n<p class=\"western\" style=\"text-align: justify;\" align=\"justify\">\n <img loading=\"lazy\" decoding=\"async\" class=\"alignnone size-full wp-image-12914\" src=\"http:\/\/www.inces.gob.ve\/wp-content\/uploads\/2018\/03\/2-agricultura-urbana-.jpg\" alt=\"\" width=\"850\" height=\"638\" \/><\/p>\n<p class=\"western\" style=\"text-align: justify;\" align=\"justify\"><span style=\"font-family: Arial,sans-serif;\">Estas acciones demuestran que uniendo voluntades para el bien colectivo, transformamos la sociedad para el buen vivir de la mujer y el hombre nuevo.<\/span><\/p>\n<p class=\"western\" style=\"text-align: justify;\" align=\"justify\">\n <\/p>\n<p class=\"western\" style=\"text-align: justify;\" align=\"justify\"><a name=\"_GoBack\"><\/a><span style=\"font-family: Arial,sans-serif;\">Johanna Petaccia<\/span><\/p>\n<p class=\"western\" style=\"text-align: justify;\" align=\"justify\">\n <\/p>\n<p class=\"western\" align=\"justify\">\n <\/p>\n","protected":false},"excerpt":{"rendered":"<p>** Procurando la administraci\u00f3n sostenible de los recursos \u00a0<\/p>\n","protected":false},"author":15,"featured_media":12914,"comment_status":"closed","ping_status":"closed","sticky":false,"template":"","format":"aside","meta":{"footnotes":""},"categories":[2],"tags":[],"class_list":["post-12913","post","type-post","status-publish","format-aside","has-post-thumbnail","hentry","category-blog","post_format-post-format-aside"],"_links":{"self":[{"href":"https:\/\/inces.gob.ve\/index.php\/wp-json\/wp\/v2\/posts\/12913","targetHints":{"allow":["GET"]}}],"collection":[{"href":"https:\/\/inces.gob.ve\/index.php\/wp-json\/wp\/v2\/posts"}],"about":[{"href":"https:\/\/inces.gob.ve\/index.php\/wp-json\/wp\/v2\/types\/post"}],"author":[{"embeddable":true,"href":"https:\/\/inces.gob.ve\/index.php\/wp-json\/wp\/v2\/users\/15"}],"replies":[{"embeddable":true,"href":"https:\/\/inces.gob.ve\/index.php\/wp-json\/wp\/v2\/comments?post=12913"}],"version-history":[{"count":1,"href":"https:\/\/inces.gob.ve\/index.php\/wp-json\/wp\/v2\/posts\/12913\/revisions"}],"predecessor-version":[{"id":35014,"href":"https:\/\/inces.gob.ve\/index.php\/wp-json\/wp\/v2\/posts\/12913\/revisions\/35014"}],"wp:featuredmedia":[{"embeddable":true,"href":"https:\/\/inces.gob.ve\/index.php\/wp-json\/"}],"wp:attachment":[{"href":"https:\/\/inces.gob.ve\/index.php\/wp-json\/wp\/v2\/media?parent=12913"}],"wp:term":[{"taxonomy":"category","embeddable":true,"href":"https:\/\/inces.gob.ve\/index.php\/wp-json\/wp\/v2\/categories?post=12913"},{"taxonomy":"post_tag","embeddable":true,"href":"https:\/\/inces.gob.ve\/index.php\/wp-json\/wp\/v2\/tags?post=12913"}],"curies":[{"name":"wp","href":"https:\/\/api.w.org\/{rel}","templated":true}]}}