{"id":12933,"date":"2018-03-08T13:20:15","date_gmt":"2018-03-08T19:20:15","guid":{"rendered":"http:\/\/www.inces.gob.ve\/?p=12933"},"modified":"2020-05-28T20:32:56","modified_gmt":"2020-05-29T00:32:56","slug":"dia-la-mujer","status":"publish","type":"post","link":"https:\/\/inces.gob.ve\/index.php\/2018\/03\/08\/dia-la-mujer\/","title":{"rendered":"D\u00eda de la Mujer"},"content":{"rendered":"<p class=\"western\" align=\"justify\"><span style=\"font-family: Arial,sans-serif;\"><i><b>** Las trabajadoras de la instituci\u00f3n disfrutaron de la m\u00fasica recia del grupo del municipio Escolar P\u00e1ez, mientras tomaban un arom\u00e1tico caf\u00e9<\/b><\/i><\/span><\/p>\n<p class=\"western\" align=\"justify\">\n <!--more--><\/p>\n<p align=\"justify\">\u00a0<\/p>\n<p class=\"western\" align=\"justify\"><span style=\"font-family: Arial,sans-serif;\"><b>Prensa Inces Portuguesa.-<\/b> Con una muestra fotogr\u00e1fica del comandante supremo de la revoluci\u00f3n Hugo Ch\u00e1vez y una presentaci\u00f3n de m\u00fasica recia, se celebr\u00f3 el D\u00eda Internacional de la Mujer en la sede del Inces Portuguesa.<\/span><\/p>\n<p><img loading=\"lazy\" decoding=\"async\" class=\"size-full wp-image-12936\" src=\"http:\/\/www.inces.gob.ve\/wp-content\/uploads\/2018\/03\/1-D\u00eda-de-la-Mujer-.jpg\" alt=\"\" width=\"850\" height=\"638\" \/><\/p>\n<p class=\"western\" style=\"text-align: justify;\" align=\"justify\"><span style=\"font-family: Arial,sans-serif;\">La im\u00e1genes, m\u00e1s que fotograf\u00edas, son representaciones hechas con grafito sobre papel mate, seg\u00fan lo dijo la jefa del Programa Turismo: Ligia Arap\u00e9 durante la celebraci\u00f3n de la actividad en honor a todas las mujeres, pero con especial agrado, a las trabajadoras de la instituci\u00f3n.<\/span><\/p>\n<p class=\"western\" style=\"text-align: justify;\" align=\"justify\">\u00a0<\/p>\n<p class=\"western\" style=\"text-align: justify;\" align=\"justify\">\u201c<span style=\"font-family: Arial,sans-serif;\">Son varios los dibujantes presentes en esta exposici\u00f3n. Quise hacer esta muestra ya que hay pocos hombres, como lo fue mi presidente eterno, Hugo Ch\u00e1vez, que le dan el valor, el justo valor a la mujer. Feminista, solidario con las mujeres vulneradas y sobre todo, respetuoso de la condici\u00f3n femenina, lo que le vali\u00f3 al comandante para ser reconocido mundialmente como el hombre que hizo mucho, en tan poco tiempo, por la mujer venezolana\u201d.<\/span><\/p>\n<p><img loading=\"lazy\" decoding=\"async\" class=\"size-full wp-image-12935\" src=\"http:\/\/www.inces.gob.ve\/wp-content\/uploads\/2018\/03\/2-D\u00eda-de-la-Mujer-.jpg\" alt=\"\" width=\"850\" height=\"638\" \/><\/p>\n<p class=\"western\" style=\"text-align: justify;\" align=\"justify\">\n <span style=\"font-family: Arial,sans-serif;\">En relaci\u00f3n a la presentaci\u00f3n de la m\u00fasica del folclor llanero, continu\u00f3, nuestro coordinador de Encadenamiento Productivo, Wenceslao Trujillo, tom\u00f3 el micr\u00f3fono y nos deleit\u00f3 con canciones de Jorge Guerrero, Reinaldo Armas y Luis Silva.<\/span><\/p>\n<p class=\"western\" style=\"text-align: justify;\" align=\"justify\">\u00a0<\/p>\n<p class=\"western\" style=\"text-align: justify;\" align=\"justify\"><span style=\"font-family: Arial,sans-serif;\">Por su parte, Trujillo involucr\u00f3 en el show a las presentes, de tal forma que tambi\u00e9n cantaran, rieran, declamaran y hasta bailaran. \u201cSabemos que todos los d\u00edas son d\u00edas de ellas, pero hoy -m\u00e1s all\u00e1 de la fecha hist\u00f3rica- festejamos este ocasi\u00f3n en honor a quien tanto nos ha dado y a quien tanto le debemos: a la mujer.<\/span><\/p>\n<p class=\"western\" style=\"text-align: justify;\" align=\"justify\">\u00a0<\/p>\n<p class=\"western\" style=\"text-align: justify;\" align=\"justify\">\u201c<span style=\"font-family: Arial,sans-serif;\">Aprovecho para felicitar a todas las mujeres de Venezuela y del mundo, al tiempo que felicito a Ligia, a la camarada Ligia Arap\u00e9, por esa muestra fotogr\u00e1fica del presidente Ch\u00e1vez, que gracias a \u00e9l y a su hijo Nicol\u00e1s Maduro la mujer venezolana, y los hombres tambi\u00e9n, resistimos los embates de la guerra econ\u00f3mica y el bloque financiero\u201d.<\/span><\/p>\n<p><img loading=\"lazy\" decoding=\"async\" class=\"size-full wp-image-12934\" src=\"http:\/\/www.inces.gob.ve\/wp-content\/uploads\/2018\/03\/5-D\u00eda-de-la-Mujer-.jpg\" alt=\"\" width=\"850\" height=\"638\" \/><\/p>\n<p class=\"western\" style=\"text-align: justify;\" align=\"justify\">\n <\/p>\n<p class=\"western\" style=\"text-align: justify;\" align=\"justify\"><span style=\"font-family: Arial,sans-serif;\">T\/ Cruz Mario Silva<\/span><\/p>\n<p class=\"western\" style=\"text-align: justify;\" align=\"justify\"><span style=\"font-family: Arial,sans-serif;\">F\/ Cruz Mario Silva<\/span><\/p>\n<p class=\"western\" align=\"justify\">\u00a0<\/p>\n","protected":false},"excerpt":{"rendered":"<p>** Las trabajadoras de la instituci\u00f3n disfrutaron de la m\u00fasica recia del grupo del municipio Escolar P\u00e1ez, mientras tomaban un arom\u00e1tico caf\u00e9<\/p>\n","protected":false},"author":15,"featured_media":12936,"comment_status":"closed","ping_status":"closed","sticky":false,"template":"","format":"aside","meta":{"footnotes":""},"categories":[2],"tags":[],"class_list":["post-12933","post","type-post","status-publish","format-aside","has-post-thumbnail","hentry","category-blog","post_format-post-format-aside"],"_links":{"self":[{"href":"https:\/\/inces.gob.ve\/index.php\/wp-json\/wp\/v2\/posts\/12933","targetHints":{"allow":["GET"]}}],"collection":[{"href":"https:\/\/inces.gob.ve\/index.php\/wp-json\/wp\/v2\/posts"}],"about":[{"href":"https:\/\/inces.gob.ve\/index.php\/wp-json\/wp\/v2\/types\/post"}],"author":[{"embeddable":true,"href":"https:\/\/inces.gob.ve\/index.php\/wp-json\/wp\/v2\/users\/15"}],"replies":[{"embeddable":true,"href":"https:\/\/inces.gob.ve\/index.php\/wp-json\/wp\/v2\/comments?post=12933"}],"version-history":[{"count":1,"href":"https:\/\/inces.gob.ve\/index.php\/wp-json\/wp\/v2\/posts\/12933\/revisions"}],"predecessor-version":[{"id":35010,"href":"https:\/\/inces.gob.ve\/index.php\/wp-json\/wp\/v2\/posts\/12933\/revisions\/35010"}],"wp:featuredmedia":[{"embeddable":true,"href":"https:\/\/inces.gob.ve\/index.php\/wp-json\/"}],"wp:attachment":[{"href":"https:\/\/inces.gob.ve\/index.php\/wp-json\/wp\/v2\/media?parent=12933"}],"wp:term":[{"taxonomy":"category","embeddable":true,"href":"https:\/\/inces.gob.ve\/index.php\/wp-json\/wp\/v2\/categories?post=12933"},{"taxonomy":"post_tag","embeddable":true,"href":"https:\/\/inces.gob.ve\/index.php\/wp-json\/wp\/v2\/tags?post=12933"}],"curies":[{"name":"wp","href":"https:\/\/api.w.org\/{rel}","templated":true}]}}