{"id":12972,"date":"2018-03-09T13:05:59","date_gmt":"2018-03-09T19:05:59","guid":{"rendered":"http:\/\/www.inces.gob.ve\/?p=12972"},"modified":"2020-05-28T20:32:56","modified_gmt":"2020-05-29T00:32:56","slug":"carabobo-invita-inscribirse-los-cursos-ofertados-cfs-luis-beltran-prieto-figueroa","status":"publish","type":"post","link":"https:\/\/inces.gob.ve\/index.php\/2018\/03\/09\/carabobo-invita-inscribirse-los-cursos-ofertados-cfs-luis-beltran-prieto-figueroa\/","title":{"rendered":"Carabobo invita a inscribirse en los cursos ofertados en el CFS Luis Beltr\u00e1n Prieto Figueroa"},"content":{"rendered":"<p style=\"text-align: justify;\" align=\"justify\"><span style=\"font-family: Arial,sans-serif;\"><i><b>** Reposter\u00eda, Panificaci\u00f3n Dom\u00e9stica, Ingl\u00e9s B\u00e1sico, Administraci\u00f3n y T\u00e9cnicas de Oficina, Electr\u00f3nica, Construcci\u00f3n de Semilleros y Operador de Micros, en varios horarios<\/b><\/i><\/span><\/p>\n<p style=\"text-align: justify;\" align=\"justify\">\u00a0<\/p>\n<p style=\"text-align: justify;\" align=\"justify\"><!--more--><\/p>\n<p align=\"justify\">\u00a0<\/p>\n<p style=\"text-align: justify;\" align=\"justify\"><span style=\"font-family: Arial,sans-serif;\"><b>Prensa Inces Carabobo.<\/b>&#8211; El Instituto Nacional de Capacitaci\u00f3n Educaci\u00f3n Socialista (Inces), regi\u00f3n Carabobo invita a la colectividad a inscribirse en los cursos en las \u00e1reas Agr\u00edcola, Administraci\u00f3n, Contabilidad, Inform\u00e1tica, Ingl\u00e9s y Turismo, dictados en el Centro de Formaci\u00f3n Socialista (CFS) Luis Beltr\u00e1n Pietro Figueroa, ubicado en Los Colorados, Valencia.<\/span><\/p>\n<p style=\"text-align: justify;\" align=\"justify\"><img loading=\"lazy\" decoding=\"async\" class=\"size-full wp-image-12974 aligncenter\" src=\"http:\/\/www.inces.gob.ve\/wp-content\/uploads\/2018\/03\/1cursos-ofertados.jpg\" alt=\"\" width=\"700\" height=\"779\" \/><\/p>\n<p style=\"text-align: justify;\" align=\"justify\"><span style=\"font-family: Arial,sans-serif;\">Coordinadores del CFS informaron que ya iniciaron varias formaciones en diferentes horarios para beneficio de los carabobe\u00f1os. El de Construcci\u00f3n de Semilleros consta de 138 horas (ma\u00f1ana), Administraci\u00f3n y T\u00e9cnicas B\u00e1sicas de Oficina 226 horas (ma\u00f1ana, municipio Libertador), Operador de Micros 186 horas horas (ma\u00f1ana y tarde) e Ingl\u00e9s B\u00e1sico 286 horas (tarde). <\/span><\/p>\n<p style=\"text-align: justify;\" align=\"justify\">\u00a0<\/p>\n<p style=\"text-align: justify;\" align=\"justify\"><span style=\"font-family: Arial,sans-serif;\">Adem\u00e1s, el de Reposter\u00eda 326 horas (tarde-Los Colorados), Panificaci\u00f3n Dom\u00e9stica 186 horas (ma\u00f1ana y tarde-Ateneo de Valencia), Electr\u00f3nica 396 horas (ma\u00f1ana-Los Colorados). El personal del centro de formaci\u00f3n agreg\u00f3 que a partir del pasado 5 de marzo comenzaron los cursos de Operador de Herramientas de Ofim\u00e1tica (200 horas), Cocina Dom\u00e9stica (186 horas) y Calidad en el Proceso de la Confecci\u00f3n (20 horas en Libertador).<\/span><\/p>\n<p style=\"text-align: justify;\" align=\"justify\">\u00a0<\/p>\n<p style=\"text-align: justify;\" align=\"justify\"><span style=\"font-family: Arial,sans-serif;\">Asimismo, se abrieron las formaciones en Auxiliar de Contabilidad (ma\u00f1ana y tarde), Orientaci\u00f3n al Turismo (ma\u00f1ana y tarde), Ingl\u00e9s B\u00e1sico (ma\u00f1ana), Construcci\u00f3n de Semilleros (Libertador), Administraci\u00f3n de Peque\u00f1as y Medianas Empresas (ma\u00f1ana), Barber\u00eda (266 horas-tarde), Mantenimiento de PC y Compatibles (ma\u00f1ana) y Operador de Micros (ma\u00f1ana).<\/span><\/p>\n<p style=\"text-align: justify;\" align=\"justify\"><img loading=\"lazy\" decoding=\"async\" class=\"size-full wp-image-12973 aligncenter\" src=\"http:\/\/www.inces.gob.ve\/wp-content\/uploads\/2018\/03\/2cursos-ofertados.jpg\" alt=\"\" width=\"850\" height=\"882\" \/><\/p>\n<p style=\"text-align: justify;\" align=\"justify\"><span style=\"font-family: Arial,sans-serif;\">Facilitaron el correo <a href=\"mailto:colectivodeformacioncfslbpf@gmail.como\">colectivodeformacioncfslbpf@gmail.como<\/a> o dirigirse al CFS Luis Beltr\u00e1n Prieto Figueroa, ubicado en Los Colorados de Valencia para obtener informaci\u00f3n adicional sobre cualquiera de los cursos ofrecidos. <\/span><\/p>\n<p style=\"text-align: justify;\" align=\"justify\">\u00a0<\/p>\n<p style=\"text-align: justify;\" align=\"justify\"><span style=\"font-family: Arial,sans-serif;\">T\/ Mar\u00eda Ver\u00f3nica Molina. <\/span><\/p>\n<p align=\"justify\">\u00a0<\/p>\n<p align=\"justify\">\u00a0<\/p>\n","protected":false},"excerpt":{"rendered":"<p>** Reposter\u00eda, Panificaci\u00f3n Dom\u00e9stica, Ingl\u00e9s B\u00e1sico, Administraci\u00f3n y T\u00e9cnicas de Oficina, Electr\u00f3nica, Construcci\u00f3n de Semilleros y Operador de Micros, en varios horarios \u00a0<\/p>\n","protected":false},"author":15,"featured_media":12973,"comment_status":"closed","ping_status":"closed","sticky":false,"template":"","format":"aside","meta":{"footnotes":""},"categories":[2],"tags":[],"class_list":["post-12972","post","type-post","status-publish","format-aside","has-post-thumbnail","hentry","category-blog","post_format-post-format-aside"],"_links":{"self":[{"href":"https:\/\/inces.gob.ve\/index.php\/wp-json\/wp\/v2\/posts\/12972","targetHints":{"allow":["GET"]}}],"collection":[{"href":"https:\/\/inces.gob.ve\/index.php\/wp-json\/wp\/v2\/posts"}],"about":[{"href":"https:\/\/inces.gob.ve\/index.php\/wp-json\/wp\/v2\/types\/post"}],"author":[{"embeddable":true,"href":"https:\/\/inces.gob.ve\/index.php\/wp-json\/wp\/v2\/users\/15"}],"replies":[{"embeddable":true,"href":"https:\/\/inces.gob.ve\/index.php\/wp-json\/wp\/v2\/comments?post=12972"}],"version-history":[{"count":1,"href":"https:\/\/inces.gob.ve\/index.php\/wp-json\/wp\/v2\/posts\/12972\/revisions"}],"predecessor-version":[{"id":35004,"href":"https:\/\/inces.gob.ve\/index.php\/wp-json\/wp\/v2\/posts\/12972\/revisions\/35004"}],"wp:featuredmedia":[{"embeddable":true,"href":"https:\/\/inces.gob.ve\/index.php\/wp-json\/"}],"wp:attachment":[{"href":"https:\/\/inces.gob.ve\/index.php\/wp-json\/wp\/v2\/media?parent=12972"}],"wp:term":[{"taxonomy":"category","embeddable":true,"href":"https:\/\/inces.gob.ve\/index.php\/wp-json\/wp\/v2\/categories?post=12972"},{"taxonomy":"post_tag","embeddable":true,"href":"https:\/\/inces.gob.ve\/index.php\/wp-json\/wp\/v2\/tags?post=12972"}],"curies":[{"name":"wp","href":"https:\/\/api.w.org\/{rel}","templated":true}]}}