{"id":12996,"date":"2018-03-09T14:16:55","date_gmt":"2018-03-09T20:16:55","guid":{"rendered":"http:\/\/www.inces.gob.ve\/?p=12996"},"modified":"2020-05-28T20:32:55","modified_gmt":"2020-05-29T00:32:55","slug":"sucre-acredito-saberes-central-azucarero-cariaco","status":"publish","type":"post","link":"https:\/\/inces.gob.ve\/index.php\/2018\/03\/09\/sucre-acredito-saberes-central-azucarero-cariaco\/","title":{"rendered":"Sucre acredit\u00f3 saberes en el Central Azucarero de Cariaco"},"content":{"rendered":"<p class=\"western\" lang=\"es-ES\" style=\"text-align: justify;\" align=\"justify\"><span style=\"font-family: Arial,sans-serif;\"><i><b>**\u201cGracias al Inces hoy son reconocidos nuestros saberes. Llevo a\u00f1os ejerciendo la electricidad y es primera vez que recibo un certificado por ello\u201d, dijo Jos\u00e9 Peinado, trabajador del Central<\/b><\/i><\/span><\/p>\n<p lang=\"es-ES\" style=\"text-align: justify;\" align=\"justify\">\u00a0<\/p>\n<p class=\"western\" lang=\"es-ES\" style=\"text-align: justify;\" align=\"justify\"><!--more--><\/p>\n<p lang=\"es-ES\" style=\"text-align: justify;\" align=\"justify\">\u00a0<\/p>\n<p class=\"western\" lang=\"es-ES\" style=\"text-align: justify;\" align=\"justify\"><span style=\"font-family: Arial,sans-serif;\"><b>Prensa Inces. Sucre<\/b>. (09.03.18)- El Inces contin\u00faa reconociendo los saberes emp\u00edricos de la clase obrera. En esta oportunidad y con \u00e9xito se llev\u00f3 a cabo en el estado Sucre, una jornada del Programa de Acreditaci\u00f3n de Conocimientos por Experiencia en Ejercicio, con el prop\u00f3sito de evaluar y certificar la mano de obra calificada de los hombres y mujeres que\u00a0hacen vida en las instalaciones del Central Azucarero de Cariaco, empresa socialista recuperada por el Gobierno Bolivariano.<\/span><\/p>\n<p class=\"western\" lang=\"es-ES\" style=\"text-align: justify;\" align=\"justify\"><img loading=\"lazy\" decoding=\"async\" class=\"size-full wp-image-12997 aligncenter\" src=\"http:\/\/www.inces.gob.ve\/wp-content\/uploads\/2018\/03\/2-saberes.jpeg\" alt=\"\" width=\"850\" height=\"638\" \/>\n <\/p>\n<p class=\"western\" lang=\"es-ES\" style=\"text-align: justify;\" align=\"justify\"><span style=\"font-family: Arial,sans-serif;\">Esta etapa\u00a0de acreditaci\u00f3n de saberes en el Central\u00a0dio como resultado la captaci\u00f3n y aprobaci\u00f3n de\u00a059\u00a0ciudadanos en diferentes oficios. Adem\u00e1s, los trabajadores participaron en el taller de \u201cConstrucci\u00f3n Colectiva de la Sensibilizaci\u00f3n\u201d, dictado por el Programa de Adiestramiento en Empresas.<\/span><\/p>\n<p class=\"western\" lang=\"es-ES\" style=\"text-align: justify;\" align=\"justify\">\n <\/p>\n<p class=\"western\" lang=\"es-ES\" style=\"text-align: justify;\" align=\"justify\"><span style=\"font-family: Arial,sans-serif;\">La clase obrera est\u00e1 comprometida al llamado de presidente obrero, Nicol\u00e1s Maduro Moros, a trabajar por el rescate de las empresas socialistas y la reivindicaci\u00f3n de los y las trabajadoras. Samarys Caraballo, trabajadora del Central, dijo \u201choy me estoy acreditado como asistente administrativo. Desde que el Gobierno Nacional inici\u00f3 la recuperaci\u00f3n de esta empresa, los trabajadores hemos sido m\u00e1s atendidos. No s\u00f3lo en la parte reivindicativa, sino tambi\u00e9n en lo que respecta al mejoramiento profesional y personal. Gracias al Inces hoy tengo esta certificaci\u00f3n\u201d.<\/span><\/p>\n<p class=\"western\" lang=\"es-ES\" style=\"text-align: justify;\" align=\"justify\">\n <\/p>\n<p class=\"western\" lang=\"es-ES\" style=\"text-align: justify;\" align=\"justify\"><span style=\"font-family: Arial,sans-serif;\">Son muchas las expectativas de formaci\u00f3n de todos y todas los que hacen vida en este espacio laboral. Jos\u00e9 Luis Zorrilla es un excelente soldador y agricultor. As\u00ed lo demuestra en su trabajo a diario. \u201cHoy el Inces reconoce lo aprendido y ejercido durante muchos a\u00f1os. Soy amante de la soldadura y la agricultura, pero quiero seguir aprendiendo muchas cosas m\u00e1s. Es por ello que agradecemos al Inces su apoyo y solicitamos sigan trayendo m\u00e1s cosas buenas al Central\u201d, expres\u00f3.<\/span><\/p>\n<p class=\"western\" lang=\"es-ES\" style=\"text-align: justify;\" align=\"justify\"><img loading=\"lazy\" decoding=\"async\" class=\"size-full wp-image-12998 aligncenter\" src=\"http:\/\/www.inces.gob.ve\/wp-content\/uploads\/2018\/03\/1-saberes.jpeg\" alt=\"\" width=\"850\" height=\"638\" \/>\n <\/p>\n<p class=\"western\" lang=\"es-ES\" style=\"text-align: justify;\" align=\"justify\"><span style=\"font-family: Arial,sans-serif;\">Inces Sucre iniciar\u00e1\u00a0el proceso de formaci\u00f3n en estos\u00a0y otros\u00a0oficios para el resto de\u00a0los compa\u00f1eros que as\u00ed lo\u00a0requirieran. Adem\u00e1s instalar\u00e1\u00a0 ambientes para la formaci\u00f3n de\u00a0la clase obrera\u00a0en el \u00e1rea de Seguridad Integral y Ambiente de Trabajo, aprendizaje que les permitir\u00e1 cumplir con los requerimientos m\u00ednimos de seguridad en\u00a0su ambiente laboral.<\/span><\/p>\n<p class=\"western\" lang=\"es-ES\" style=\"text-align: justify;\" align=\"justify\">\n <\/p>\n<p class=\"western\" lang=\"es-ES\" style=\"text-align: justify;\" align=\"justify\"><span style=\"font-family: Arial,sans-serif;\">Por: Dayana Albarr\u00e1n<\/span><\/p>\n","protected":false},"excerpt":{"rendered":"<p>**\u201cGracias al Inces hoy son reconocidos nuestros saberes. Llevo a\u00f1os ejerciendo la electricidad y es primera vez que recibo un certificado por ello\u201d, dijo Jos\u00e9 Peinado, trabajador del Central \u00a0<\/p>\n","protected":false},"author":15,"featured_media":12998,"comment_status":"closed","ping_status":"closed","sticky":false,"template":"","format":"aside","meta":{"footnotes":""},"categories":[2],"tags":[],"class_list":["post-12996","post","type-post","status-publish","format-aside","has-post-thumbnail","hentry","category-blog","post_format-post-format-aside"],"_links":{"self":[{"href":"https:\/\/inces.gob.ve\/index.php\/wp-json\/wp\/v2\/posts\/12996","targetHints":{"allow":["GET"]}}],"collection":[{"href":"https:\/\/inces.gob.ve\/index.php\/wp-json\/wp\/v2\/posts"}],"about":[{"href":"https:\/\/inces.gob.ve\/index.php\/wp-json\/wp\/v2\/types\/post"}],"author":[{"embeddable":true,"href":"https:\/\/inces.gob.ve\/index.php\/wp-json\/wp\/v2\/users\/15"}],"replies":[{"embeddable":true,"href":"https:\/\/inces.gob.ve\/index.php\/wp-json\/wp\/v2\/comments?post=12996"}],"version-history":[{"count":1,"href":"https:\/\/inces.gob.ve\/index.php\/wp-json\/wp\/v2\/posts\/12996\/revisions"}],"predecessor-version":[{"id":35000,"href":"https:\/\/inces.gob.ve\/index.php\/wp-json\/wp\/v2\/posts\/12996\/revisions\/35000"}],"wp:featuredmedia":[{"embeddable":true,"href":"https:\/\/inces.gob.ve\/index.php\/wp-json\/"}],"wp:attachment":[{"href":"https:\/\/inces.gob.ve\/index.php\/wp-json\/wp\/v2\/media?parent=12996"}],"wp:term":[{"taxonomy":"category","embeddable":true,"href":"https:\/\/inces.gob.ve\/index.php\/wp-json\/wp\/v2\/categories?post=12996"},{"taxonomy":"post_tag","embeddable":true,"href":"https:\/\/inces.gob.ve\/index.php\/wp-json\/wp\/v2\/tags?post=12996"}],"curies":[{"name":"wp","href":"https:\/\/api.w.org\/{rel}","templated":true}]}}