{"id":13033,"date":"2018-03-12T10:55:03","date_gmt":"2018-03-12T16:55:03","guid":{"rendered":"http:\/\/www.inces.gob.ve\/?p=13033"},"modified":"2020-05-28T20:32:55","modified_gmt":"2020-05-29T00:32:55","slug":"jovenes-larenses-estan-avocados-la-produccion-alimentos","status":"publish","type":"post","link":"https:\/\/inces.gob.ve\/index.php\/2018\/03\/12\/jovenes-larenses-estan-avocados-la-produccion-alimentos\/","title":{"rendered":"J\u00f3venes  larenses est\u00e1n avocados a la producci\u00f3n de alimentos"},"content":{"rendered":"<p style=\"text-align: justify;\"><i><b>** 80 participantes captados por el Plan Chamba Juvenil, en el campo Agrourbano, aprenden con Inces estrategias para el cultivo de alimentos <\/b><\/i><\/p>\n<p style=\"text-align: justify;\"><!--more--><\/p>\n<p align=\"justify\">\u00a0<\/p>\n<p style=\"text-align: justify;\" align=\"justify\"><i>Prensa Inces Lara.- <\/i><span style=\"font-family: Arial,sans-serif;\">Con miras a contribuir con el fortalecimiento de la econom\u00eda del pa\u00eds, 80 muchachos integrados al Plan Chamba Juvenil, en Duaca, municipio Crespo, se encuentran avocados a la formaci\u00f3n y al trabajo productivo con el curso Productor de Hortalizas en \u00c1reas Urbanas desde el Centro de Formaci\u00f3n Las Mar\u00edas del Inces.<\/span><\/p>\n<p style=\"text-align: justify;\" align=\"justify\"><img loading=\"lazy\" decoding=\"async\" class=\"size-full wp-image-13034 aligncenter\" src=\"http:\/\/www.inces.gob.ve\/wp-content\/uploads\/2018\/03\/4Plan-Chamba-Juvenil-1.jpg\" alt=\"\" width=\"820\" height=\"838\" \/><\/p>\n<p style=\"text-align: justify;\" align=\"justify\"><span style=\"font-family: Arial,sans-serif;\">En la experiencia formativa la juventud comprometida a asumir el nuevo modelo de producci\u00f3n en zonas urbanas y periurbana de todo el territorio nacional aprenden acerca del manejo de herramientas y t\u00e9cnicas de siembra agroecol\u00f3gica con las orientaci\u00f3n de los maestros t\u00e9cnicos productivos (Mtp) Luisa Bernal y Jes\u00fas Dur\u00e1n<\/span><\/p>\n<p style=\"text-align: justify;\" align=\"justify\">\u00a0<\/p>\n<p style=\"text-align: justify;\" align=\"justify\"><span style=\"font-family: Arial,sans-serif;\">El curso es de gran importancia porque con \u00e9l la juventud tiene la capacidad de producir hortalizas, vegetales, y \u00e1rboles frutales en sus propios espacios, con la clara conciencia y convicci\u00f3n de atribuir sus aprendizajes a la soberan\u00eda agroalimentaria y al autoabastecimiento familiar, destacaron los maestros. <img loading=\"lazy\" decoding=\"async\" class=\"size-full wp-image-13035 aligncenter\" src=\"http:\/\/www.inces.gob.ve\/wp-content\/uploads\/2018\/03\/2Plan-Chamba-Juvenil-1.jpg\" alt=\"\" width=\"700\" height=\"860\" \/><\/span><\/p>\n<p style=\"text-align: justify;\" align=\"justify\">\u00a0<\/p>\n<p style=\"text-align: justify;\" align=\"justify\"><span style=\"font-family: Arial,sans-serif;\">La Aldea del Abuelo \u00c1ngel, Custosio Canel\u00f3n, sede del centro de formaci\u00f3n Las Mar\u00edas, de la poblaci\u00f3n de Duaca, sirve de centro de ense\u00f1anza y de producci\u00f3n donde los participantes van encadenando los conocimientos sobre agricultura urbana con la tradicional del campo venezolano <\/span><\/p>\n<p style=\"text-align: justify;\" align=\"justify\">\u00a0<\/p>\n<p style=\"text-align: justify;\" align=\"justify\"><span style=\"font-family: Arial,sans-serif;\">A prop\u00f3sito de la formaci\u00f3n que el Inces brinda a los j\u00f3venes del Plan Chamba Juvenil, la coordinadora del centro de formaci\u00f3n socialista (CFS), Zaida Pereira , destac\u00f3 que esta formaci\u00f3n permitir\u00e1 a los j\u00f3venes aprender, producir y multiplicar las experiencias en su comunidad. <\/span><\/p>\n<p style=\"text-align: justify;\" align=\"justify\"><strong><span style=\"font-family: Arial,sans-serif;\">El <\/span><\/strong><span style=\"font-family: Arial,sans-serif;\">proceso formativo consta de 60 horas, y abarca la aplicaci\u00f3n de conceptos desde la pr\u00e1ctica sobre la semilla, agua y abono. El curso permite formar a la generaci\u00f3n que tendr\u00e1n en sus hombros la responsabilidad de impulsar la revoluci\u00f3n econ\u00f3mica productiva. <img loading=\"lazy\" decoding=\"async\" class=\"size-full wp-image-13034 aligncenter\" src=\"http:\/\/www.inces.gob.ve\/wp-content\/uploads\/2018\/03\/4Plan-Chamba-Juvenil-1.jpg\" alt=\"\" width=\"820\" height=\"838\" \/><\/span><\/p>\n<p style=\"text-align: justify;\" align=\"justify\"><span style=\"font-family: Arial,sans-serif;\">Cerca de 65 cursos, con la inclusi\u00f3n de 2.935 participantes en entidades de trabajo p\u00fablicas y privadas, liceos, Plan Chamba Juvenil y las comunidades, es la meta formativa para este a\u00f1o del centro de formaci\u00f3n Las Mar\u00edas.<\/span><\/p>\n<p style=\"text-align: justify;\" align=\"justify\">\u00a0<\/p>\n<p style=\"text-align: justify;\" align=\"justify\"><span style=\"font-family: Arial,sans-serif;\">T\/ Gaudy L\u00f3pez<\/span><\/p>\n","protected":false},"excerpt":{"rendered":"<p>** 80 participantes captados por el Plan Chamba Juvenil, en el campo Agrourbano, aprenden con Inces estrategias para el cultivo de alimentos<\/p>\n","protected":false},"author":15,"featured_media":13034,"comment_status":"closed","ping_status":"closed","sticky":false,"template":"","format":"aside","meta":{"footnotes":""},"categories":[2],"tags":[],"class_list":["post-13033","post","type-post","status-publish","format-aside","has-post-thumbnail","hentry","category-blog","post_format-post-format-aside"],"_links":{"self":[{"href":"https:\/\/inces.gob.ve\/index.php\/wp-json\/wp\/v2\/posts\/13033","targetHints":{"allow":["GET"]}}],"collection":[{"href":"https:\/\/inces.gob.ve\/index.php\/wp-json\/wp\/v2\/posts"}],"about":[{"href":"https:\/\/inces.gob.ve\/index.php\/wp-json\/wp\/v2\/types\/post"}],"author":[{"embeddable":true,"href":"https:\/\/inces.gob.ve\/index.php\/wp-json\/wp\/v2\/users\/15"}],"replies":[{"embeddable":true,"href":"https:\/\/inces.gob.ve\/index.php\/wp-json\/wp\/v2\/comments?post=13033"}],"version-history":[{"count":1,"href":"https:\/\/inces.gob.ve\/index.php\/wp-json\/wp\/v2\/posts\/13033\/revisions"}],"predecessor-version":[{"id":34995,"href":"https:\/\/inces.gob.ve\/index.php\/wp-json\/wp\/v2\/posts\/13033\/revisions\/34995"}],"wp:featuredmedia":[{"embeddable":true,"href":"https:\/\/inces.gob.ve\/index.php\/wp-json\/"}],"wp:attachment":[{"href":"https:\/\/inces.gob.ve\/index.php\/wp-json\/wp\/v2\/media?parent=13033"}],"wp:term":[{"taxonomy":"category","embeddable":true,"href":"https:\/\/inces.gob.ve\/index.php\/wp-json\/wp\/v2\/categories?post=13033"},{"taxonomy":"post_tag","embeddable":true,"href":"https:\/\/inces.gob.ve\/index.php\/wp-json\/wp\/v2\/tags?post=13033"}],"curies":[{"name":"wp","href":"https:\/\/api.w.org\/{rel}","templated":true}]}}