{"id":13070,"date":"2018-03-13T08:23:34","date_gmt":"2018-03-13T14:23:34","guid":{"rendered":"http:\/\/www.inces.gob.ve\/?p=13070"},"modified":"2020-05-28T20:32:55","modified_gmt":"2020-05-29T00:32:55","slug":"inces-minmujer-desarrollan-planificacion-la-certificacion-mujeres-productivas","status":"publish","type":"post","link":"https:\/\/inces.gob.ve\/index.php\/2018\/03\/13\/inces-minmujer-desarrollan-planificacion-la-certificacion-mujeres-productivas\/","title":{"rendered":"Inces y Minmujer desarrollan planificaci\u00f3n para la certificaci\u00f3n de mujeres productivas"},"content":{"rendered":"<p align=\"justify\"><em><strong>** Se busca formar a las f\u00e9minas en \u00e1reas productivas reposter\u00eda, panader\u00eda, agr\u00edcola, textil, dulcer\u00eda criolla, entre otras<\/strong> <\/em><!--more--><\/p>\n<p style=\"text-align: justify;\" align=\"justify\"><strong>Prensa Inces Bol\u00edvar.-<\/strong> El Instituto Nacional de Capacitaci\u00f3n y Educaci\u00f3n Socialista (Inces), en Bol\u00edvar, en conjunto con el Ministerio del Poder Popular para la Mujer y la Igualdad de G\u00e9nero (MinMujer) establecieron el cronograma para la certificaci\u00f3n de saberes emp\u00edricos y la formaci\u00f3n de formadores correspondiente al a\u00f1o 2018.<\/p>\n<p align=\"justify\">\u00a0<\/p>\n<p style=\"text-align: justify;\" align=\"justify\">En una reuni\u00f3n con la directora de MinMujer, Ornela Arbel\u00e1ez y la gerente regional del Inces Bol\u00edvar Ruth Jim\u00e9nez, se dio a conocer que certificar\u00e1n la cantidad mensual de 150 mujeres en saberes emp\u00edricos por experiencia y ejercicio en las parroquias Cachamay, Universidad, Vista al Sol, Dalla Costa, Unare, Pozo Verde, Once de Abril, Sim\u00f3n Bol\u00edvar, Unare, Yocoima y Chirica.<\/p>\n<p align=\"justify\">\u00a0<\/p>\n<p style=\"text-align: justify;\" align=\"justify\">De igual modo continuar\u00e1n con la \u201cFormaci\u00f3n de Formadores\u201d la cual busca formar, acreditar y otorgar cr\u00e9ditos financieros a mujeres que aprender\u00e1n un oficio para emprenderse como mujeres productivas en las \u00e1reas de reposter\u00eda, panader\u00eda, agr\u00edcola, textil, dulcer\u00eda criolla, entre otras.<\/p>\n<p align=\"justify\">\u00a0<\/p>\n<p style=\"text-align: justify;\" align=\"justify\">Arbel\u00e1ez indic\u00f3 que producir es la mejor forma de enfrentar la guerra econ\u00f3mica. \u00abLas mujeres que se integren en este proyecto de formaci\u00f3n y certificaci\u00f3n, apuestan por impulsar la producci\u00f3n nacional trabajando en los motores productivos establecidos en la Agenda Bolivariana Econ\u00f3mica\u201d, manifest\u00f3.<\/p>\n<p align=\"justify\">\u00a0<\/p>\n<p style=\"text-align: justify;\">Por su parte, Jim\u00e9nez declar\u00f3 que uno de los objetivos de esta labor es llevar la suma felicidad y promover la reivindicaci\u00f3n de esas mujeres luchadoras de la regi\u00f3n y as\u00ed poner en marcha el eslogan del Inces, \u201cFormar Produciendo, Producir Formando\u201d.<\/p>\n<p>&nbsp;<\/p>\n<p style=\"text-align: justify;\">Con este convenio entre Minmujer y el Inces se busca la integraci\u00f3n y cooperaci\u00f3n al desarrollo de programas de formaci\u00f3n, capacitaci\u00f3n y certificaci\u00f3n de saberes.<\/p>\n<p style=\"text-align: justify;\">\n <\/p>\n<p style=\"text-align: justify;\"><strong>T\/ Alexssia Thomas<\/strong><\/p>\n","protected":false},"excerpt":{"rendered":"<p>** Se busca formar a las f\u00e9minas en \u00e1reas productivas reposter\u00eda, panader\u00eda, agr\u00edcola, textil, dulcer\u00eda criolla, entre otras<\/p>\n","protected":false},"author":4,"featured_media":13071,"comment_status":"closed","ping_status":"closed","sticky":false,"template":"","format":"aside","meta":{"footnotes":""},"categories":[2],"tags":[],"class_list":["post-13070","post","type-post","status-publish","format-aside","has-post-thumbnail","hentry","category-blog","post_format-post-format-aside"],"_links":{"self":[{"href":"https:\/\/inces.gob.ve\/index.php\/wp-json\/wp\/v2\/posts\/13070","targetHints":{"allow":["GET"]}}],"collection":[{"href":"https:\/\/inces.gob.ve\/index.php\/wp-json\/wp\/v2\/posts"}],"about":[{"href":"https:\/\/inces.gob.ve\/index.php\/wp-json\/wp\/v2\/types\/post"}],"author":[{"embeddable":true,"href":"https:\/\/inces.gob.ve\/index.php\/wp-json\/wp\/v2\/users\/4"}],"replies":[{"embeddable":true,"href":"https:\/\/inces.gob.ve\/index.php\/wp-json\/wp\/v2\/comments?post=13070"}],"version-history":[{"count":1,"href":"https:\/\/inces.gob.ve\/index.php\/wp-json\/wp\/v2\/posts\/13070\/revisions"}],"predecessor-version":[{"id":34988,"href":"https:\/\/inces.gob.ve\/index.php\/wp-json\/wp\/v2\/posts\/13070\/revisions\/34988"}],"wp:featuredmedia":[{"embeddable":true,"href":"https:\/\/inces.gob.ve\/index.php\/wp-json\/"}],"wp:attachment":[{"href":"https:\/\/inces.gob.ve\/index.php\/wp-json\/wp\/v2\/media?parent=13070"}],"wp:term":[{"taxonomy":"category","embeddable":true,"href":"https:\/\/inces.gob.ve\/index.php\/wp-json\/wp\/v2\/categories?post=13070"},{"taxonomy":"post_tag","embeddable":true,"href":"https:\/\/inces.gob.ve\/index.php\/wp-json\/wp\/v2\/tags?post=13070"}],"curies":[{"name":"wp","href":"https:\/\/api.w.org\/{rel}","templated":true}]}}