{"id":13239,"date":"2018-03-14T14:03:23","date_gmt":"2018-03-14T20:03:23","guid":{"rendered":"http:\/\/www.inces.gob.ve\/?p=13239"},"modified":"2020-05-28T20:32:54","modified_gmt":"2020-05-29T00:32:54","slug":"la-unidad-educativa-inces-barinas-inicia-2do-lapso-del-ano-escolar-2017-2018","status":"publish","type":"post","link":"https:\/\/inces.gob.ve\/index.php\/2018\/03\/14\/la-unidad-educativa-inces-barinas-inicia-2do-lapso-del-ano-escolar-2017-2018\/","title":{"rendered":"La Unidad Educativa de Inces Barinas inicia 2do lapso del a\u00f1o escolar 2017-2018"},"content":{"rendered":"<p style=\"text-align: justify;\" align=\"justify\"><span style=\"font-family: Arial,sans-serif;\"><i><b>** J\u00f3venes de la regi\u00f3n dieron el primer paso hacia un mejor futuro iniciando su bachillerato orientado hacia la producci\u00f3n<\/b><\/i><\/span><\/p>\n<p align=\"justify\">\u00a0<\/p>\n<p style=\"text-align: justify;\" align=\"justify\"><!--more--><\/p>\n<p align=\"justify\">\u00a0<\/p>\n<p style=\"text-align: justify;\" align=\"justify\"><span style=\"font-family: Arial,sans-serif;\"><b>Prensa Inces Barinas.<\/b>&#8211; El pasado fin de semana, un importate n\u00famero de j\u00f3venes barineses dieron inicio a sus estudios de bachillerato incorpor\u00e1ndose a la formaci\u00f3n productiva que ofrece la Unidad Educativa de Inces Barinas, atendiendo a los distintos sujetos en el marco de la matriz program\u00e1tica, entre ellos personas con discapacidad, trabajadores y trabajadoras, privados de libertad, j\u00f3venes con medidas de libertad asistida, adem\u00e1s de la poblaci\u00f3n en general que se encuentra hace un a\u00f1o o m\u00e1s desvinculada del sistema escolar regular.<\/span><\/p>\n<p align=\"justify\">\u00a0<\/p>\n<p style=\"text-align: justify;\" align=\"justify\"><span style=\"font-family: Arial,sans-serif;\">Amelia Nu\u00f1ez, Coordinadora de la unidad, en compa\u00f1\u00eda del equipo docente, dio la bienvenida a los alumnos, iniciando con una charla informativa en relaci\u00f3n a los planes de estudio que administra la unidad, con el fin de que los mismos puedan elegir la modalidad en la que desean egresar, entre bachiller productivo o t\u00e9cnico medio en menciones como agr\u00edcola, inform\u00e1tica y contabilidad, entre otras.<img loading=\"lazy\" decoding=\"async\" class=\"size-full wp-image-13240 aligncenter\" src=\"http:\/\/www.inces.gob.ve\/wp-content\/uploads\/2018\/03\/2bachillerato.png\" alt=\"\" width=\"850\" height=\"510\" \/><\/span><\/p>\n<p style=\"text-align: justify;\" align=\"justify\"><span style=\"font-family: Arial,sans-serif;\">Inform\u00f3 Nu\u00f1ez, que los j\u00f3venes son parte del ambiente de formaci\u00f3n del Centro de Formaci\u00f3n Socialista. \u201cJosefa Camejo\u201d, donde cuentas con varias aulas dispuestas para su formaci\u00f3n en las modalidades entre semana o fin de semana y donde podr\u00e1n graduarse como bachilleres productivos (1ro a 5to a\u00f1o), en un lapso de tres (3) a\u00f1os, o en la modalidad de Media T\u00e9cnica (1ro a 6to a\u00f1o) en un lapso de seis (6) a\u00f1os; adem\u00e1s mencion\u00f3 que en los pr\u00f3ximos d\u00edas se dar\u00e1 inicio en los ambientes del Internado Judicial Barinas (Injuba), Pdvsa, Divisi\u00f3n Boyac\u00e1, Complejo Agroindustrial Azucarero Ezequiel Zamora (Caaez) y Caf\u00e9 Venezuela, donde se sumaran los privados de libertad y la clase trabajadora de nuestra regi\u00f3n llanera. <\/span><\/p>\n<p align=\"justify\">\u00a0<\/p>\n<p style=\"text-align: justify;\" align=\"justify\"><span style=\"font-family: Arial,sans-serif;\">Nu\u00f1ez concluy\u00f3 haciendo un llamado a la juventud a culminar sus estudios, a sumarse a la formaci\u00f3n productiva y a ser parte de la transformaci\u00f3n del sistema econ\u00f3mico que consolide la patria libre y socialista so\u00f1ada por el comandante Hugo Ch\u00e1vez.<\/span><\/p>\n<p style=\"text-align: justify;\" align=\"justify\"><span style=\"font-family: Arial,sans-serif;\">T\/ Hirasyanel Bayona<\/span><\/p>\n","protected":false},"excerpt":{"rendered":"<p>** J\u00f3venes de la regi\u00f3n dieron el primer paso hacia un mejor futuro iniciando su bachillerato orientado hacia la producci\u00f3n \u00a0<\/p>\n","protected":false},"author":15,"featured_media":13241,"comment_status":"closed","ping_status":"closed","sticky":false,"template":"","format":"aside","meta":{"footnotes":""},"categories":[2],"tags":[],"class_list":["post-13239","post","type-post","status-publish","format-aside","has-post-thumbnail","hentry","category-blog","post_format-post-format-aside"],"_links":{"self":[{"href":"https:\/\/inces.gob.ve\/index.php\/wp-json\/wp\/v2\/posts\/13239","targetHints":{"allow":["GET"]}}],"collection":[{"href":"https:\/\/inces.gob.ve\/index.php\/wp-json\/wp\/v2\/posts"}],"about":[{"href":"https:\/\/inces.gob.ve\/index.php\/wp-json\/wp\/v2\/types\/post"}],"author":[{"embeddable":true,"href":"https:\/\/inces.gob.ve\/index.php\/wp-json\/wp\/v2\/users\/15"}],"replies":[{"embeddable":true,"href":"https:\/\/inces.gob.ve\/index.php\/wp-json\/wp\/v2\/comments?post=13239"}],"version-history":[{"count":1,"href":"https:\/\/inces.gob.ve\/index.php\/wp-json\/wp\/v2\/posts\/13239\/revisions"}],"predecessor-version":[{"id":34970,"href":"https:\/\/inces.gob.ve\/index.php\/wp-json\/wp\/v2\/posts\/13239\/revisions\/34970"}],"wp:featuredmedia":[{"embeddable":true,"href":"https:\/\/inces.gob.ve\/index.php\/wp-json\/"}],"wp:attachment":[{"href":"https:\/\/inces.gob.ve\/index.php\/wp-json\/wp\/v2\/media?parent=13239"}],"wp:term":[{"taxonomy":"category","embeddable":true,"href":"https:\/\/inces.gob.ve\/index.php\/wp-json\/wp\/v2\/categories?post=13239"},{"taxonomy":"post_tag","embeddable":true,"href":"https:\/\/inces.gob.ve\/index.php\/wp-json\/wp\/v2\/tags?post=13239"}],"curies":[{"name":"wp","href":"https:\/\/api.w.org\/{rel}","templated":true}]}}