{"id":13246,"date":"2018-03-14T14:22:26","date_gmt":"2018-03-14T20:22:26","guid":{"rendered":"http:\/\/www.inces.gob.ve\/?p=13246"},"modified":"2020-05-28T20:32:54","modified_gmt":"2020-05-29T00:32:54","slug":"carabobo-certifico-camarografos-productores-audiovisuales-la-gobernacion-vtv","status":"publish","type":"post","link":"https:\/\/inces.gob.ve\/index.php\/2018\/03\/14\/carabobo-certifico-camarografos-productores-audiovisuales-la-gobernacion-vtv\/","title":{"rendered":"Carabobo certific\u00f3 a Camar\u00f3grafos y Productores Audiovisuales de la Gobernaci\u00f3n y VTV"},"content":{"rendered":"<p style=\"text-align: justify;\" align=\"justify\"><span style=\"font-family: Arial,sans-serif;\"><i><b>** Durante el proceso, explicaron con detalle cada implemento que posee una c\u00e1mara de video, su uso adecuado y la manera de grabar las diferentes actividades diarias<\/b><\/i><\/span><\/p>\n<p align=\"justify\">\u00a0<\/p>\n<p style=\"text-align: justify;\" align=\"justify\"><!--more--><\/p>\n<p style=\"text-align: justify;\" align=\"justify\"><span style=\"font-family: Arial,sans-serif;\"><b>Prensa Inces Carabobo<\/b>.- Personal de Instituto Nacional de Capacitaci\u00f3n y Educaci\u00f3n Socialista (Inces) regi\u00f3n Carabobo realiz\u00f3 la evaluaci\u00f3n para certificar a trabajadores de la Gobernaci\u00f3n del estado y de Venezolana de Televisi\u00f3n (VTV) en los oficios de Camar\u00f3grafo y Productor Audiovisual.<\/span><\/p>\n<p style=\"text-align: justify;\" align=\"justify\"><span style=\"font-family: Arial,sans-serif;\">La analista de Unidad de Tecnolog\u00eda Educativa, Licka Paz se dirigi\u00f3 a la sede del Capitolio, donde siete profesionales (entre 12 y 27 a\u00f1os de experiencia), solicitaron ser acreditados como Camar\u00f3grafos y seis en Producci\u00f3n Audiovisual. Durante el proceso explicaron con detalle cada implemento que posee una c\u00e1mara de video, su uso adecuado y la manera de grabar las diferentes actividades diarias.<img loading=\"lazy\" decoding=\"async\" class=\"size-full wp-image-13248 aligncenter\" src=\"http:\/\/www.inces.gob.ve\/wp-content\/uploads\/2018\/03\/2Gobernaci\u00f3n-y-VTV.jpg\" alt=\"\" width=\"850\" height=\"638\" \/><\/span><\/p>\n<p style=\"text-align: justify;\" align=\"justify\"><span style=\"font-family: Arial,sans-serif;\">Tambi\u00e9n hablaron sobre la actualizaci\u00f3n de las partes de la c\u00e1mara con el pasar del tiempo, el balance de los colores seg\u00fan la temperatura del sitio, as\u00ed como recomendaron enfocar en superficies de color blanca, gris, azul o beige para lograr el color correcto en las tomas, ya sean cortas o largas. Asimismo, tocaron el tema de las normas de seguridad que se deben tener en cuenta al momento de grabaciones en exteriores.<\/span><\/p>\n<p style=\"text-align: justify;\" align=\"justify\"><span style=\"font-family: Arial,sans-serif;\">Por otra parte, en el \u00e1rea de Producci\u00f3n Audiovisual, demostraron como realizan la pre-producci\u00f3n, producci\u00f3n y post-producci\u00f3n de las informaciones generadas por el gobernador en las diversas \u00e1reas sociales desde las comunidades las cuales, posteriormente, son difundidas a trav\u00e9s de los peri\u00f3dicos, radios, televisi\u00f3n y redes sociales. <img loading=\"lazy\" decoding=\"async\" class=\"size-full wp-image-13247 aligncenter\" src=\"http:\/\/www.inces.gob.ve\/wp-content\/uploads\/2018\/03\/3Gobernaci\u00f3n-y-VTV.jpg\" alt=\"\" width=\"850\" height=\"638\" \/><\/span><\/p>\n<p style=\"text-align: justify;\" align=\"justify\"><span style=\"font-family: Arial,sans-serif;\">Luego, la forma de editarlas, la animaci\u00f3n de las letras, im\u00e1genes, adem\u00e1s del montaje de las tapas y el audio, para obtener un material audiovisual de calidad. En este sentido, Paz agreg\u00f3 que la semana siguiente evaluar\u00e1n a cinco profesionales m\u00e1s de la misma instituci\u00f3n en ambos oficios, quienes no pudieron asistir por cumplir pautas de laborales.<\/span><\/p>\n<p style=\"text-align: justify;\" align=\"justify\"><span style=\"font-family: Arial,sans-serif;\">T\/ Comunicaciones Inces Carabobo.<\/span><\/p>\n","protected":false},"excerpt":{"rendered":"<p>** Durante el proceso, explicaron con detalle cada implemento que posee una c\u00e1mara de video, su uso adecuado y la manera de grabar las diferentes actividades diarias \u00a0<\/p>\n","protected":false},"author":15,"featured_media":13249,"comment_status":"closed","ping_status":"closed","sticky":false,"template":"","format":"aside","meta":{"footnotes":""},"categories":[2],"tags":[],"class_list":["post-13246","post","type-post","status-publish","format-aside","has-post-thumbnail","hentry","category-blog","post_format-post-format-aside"],"_links":{"self":[{"href":"https:\/\/inces.gob.ve\/index.php\/wp-json\/wp\/v2\/posts\/13246","targetHints":{"allow":["GET"]}}],"collection":[{"href":"https:\/\/inces.gob.ve\/index.php\/wp-json\/wp\/v2\/posts"}],"about":[{"href":"https:\/\/inces.gob.ve\/index.php\/wp-json\/wp\/v2\/types\/post"}],"author":[{"embeddable":true,"href":"https:\/\/inces.gob.ve\/index.php\/wp-json\/wp\/v2\/users\/15"}],"replies":[{"embeddable":true,"href":"https:\/\/inces.gob.ve\/index.php\/wp-json\/wp\/v2\/comments?post=13246"}],"version-history":[{"count":1,"href":"https:\/\/inces.gob.ve\/index.php\/wp-json\/wp\/v2\/posts\/13246\/revisions"}],"predecessor-version":[{"id":34969,"href":"https:\/\/inces.gob.ve\/index.php\/wp-json\/wp\/v2\/posts\/13246\/revisions\/34969"}],"wp:featuredmedia":[{"embeddable":true,"href":"https:\/\/inces.gob.ve\/index.php\/wp-json\/"}],"wp:attachment":[{"href":"https:\/\/inces.gob.ve\/index.php\/wp-json\/wp\/v2\/media?parent=13246"}],"wp:term":[{"taxonomy":"category","embeddable":true,"href":"https:\/\/inces.gob.ve\/index.php\/wp-json\/wp\/v2\/categories?post=13246"},{"taxonomy":"post_tag","embeddable":true,"href":"https:\/\/inces.gob.ve\/index.php\/wp-json\/wp\/v2\/tags?post=13246"}],"curies":[{"name":"wp","href":"https:\/\/api.w.org\/{rel}","templated":true}]}}