{"id":13278,"date":"2018-03-15T12:15:55","date_gmt":"2018-03-15T18:15:55","guid":{"rendered":"http:\/\/www.inces.gob.ve\/?p=13278"},"modified":"2020-05-28T20:32:53","modified_gmt":"2020-05-29T00:32:53","slug":"somos-inces-hablo-del-plan-chamba-juvenil-del-nuevo-llamado-del-presidente-maduro-los-jovenes","status":"publish","type":"post","link":"https:\/\/inces.gob.ve\/index.php\/2018\/03\/15\/somos-inces-hablo-del-plan-chamba-juvenil-del-nuevo-llamado-del-presidente-maduro-los-jovenes\/","title":{"rendered":"Somos Inces habl\u00f3 del plan Chamba Juvenil y del nuevo llamado del presidente Maduro a los J\u00f3venes"},"content":{"rendered":"<p style=\"text-align: justify;\" align=\"justify\"><span style=\"font-family: Arial,sans-serif;\"><i><b>**Con los temas de la Chamba Juvenil, los aprendices Inces, juventud productiva y la orden expresa del presidente Nicol\u00e1s Maduro de incorporar al Inces a 250 mil j\u00f3venes aprendices para que sean asimilados por las entidades de trabajo en el Plan Chamba Juvenil se realiz\u00f3 una nueva emisi\u00f3n del programa radial Somos Inces, transmitido por radio Miraflores 95.9 FM. <\/b><\/i><\/span><\/p>\n<p align=\"justify\">\u00a0<\/p>\n<p style=\"text-align: justify;\" align=\"justify\"><!--more--><\/p>\n<p align=\"justify\">\u00a0<\/p>\n<p style=\"text-align: justify;\" align=\"justify\"><span style=\"font-family: Arial,sans-serif;\"><b>Prensa Inces sede<\/b>.-En esta oportunidad el programa conducido por Wuikelman Angel y Genail Salinas invit\u00f3 al gerente general de Formaci\u00f3n Profesional del Inces, Richard Delgado, al coordinador de Juventud Productiva inces, Luis Eduardo Salazar y al vocero de los aprendices Inces por el Distrito Capital, Jalbeth Sivira.<\/span><\/p>\n<p align=\"justify\">\u00a0<\/p>\n<p style=\"text-align: justify;\" align=\"justify\"><span style=\"font-family: Arial,sans-serif;\">Durante el programa los conductores conversaron sobre el nuevo llamado del presidente Nicol\u00e1s Maduro para incorporar como aprendices a 250 mil j\u00f3venes y se\u00f1alaron que se trata de una nueva convocatoria hecha por el Jefe del Estado, cuando esta vez la oposici\u00f3n de derecha promueve una campa\u00f1a contra el pa\u00eds instando a los j\u00f3venes a emigrar hacia destinos inciertos toda vez que en algunos pa\u00edses se han desatado acciones de xenofobia contra los venezolanos. <\/span><\/p>\n<p align=\"justify\">\u00a0<\/p>\n<p style=\"text-align: justify;\" align=\"justify\"><span style=\"font-family: Arial,sans-serif;\">El a\u00f1o pasado la oposici\u00f3n de derecha llam\u00f3 a los j\u00f3venes venezolanos a protagonizar situaciones de extrema violencia callejera; en contraste, el presidente Maduro llam\u00f3 a los j\u00f3venes a que integraran el Plan Chamba Juvenil, una iniciativa que en los actuales momentos ha incorporado a unos 880 mil j\u00f3venes al trabajo formal. <\/span><\/p>\n<p align=\"justify\">\u00a0<\/p>\n<p style=\"text-align: justify;\" align=\"justify\">\u201c<span style=\"font-family: Arial,sans-serif;\">Viene una etapa importante de consolidaci\u00f3n de esta pol\u00edtica implementada por el presidente Nicol\u00e1s Maduro, para hacer de la juventud venezolana una juventud emprendedora con el desarrollo de nuevos emprendimientos, apoyados en la concreci\u00f3n de un nuevo modelo productivo con empresas constituidas para tal fin\u201d, coment\u00f3 Wuikelman Angel. <img loading=\"lazy\" decoding=\"async\" class=\"size-full wp-image-13281 aligncenter\" src=\"http:\/\/www.inces.gob.ve\/wp-content\/uploads\/2018\/03\/2-Somos-Inces-habl\u00f3.jpeg\" alt=\"\" width=\"850\" height=\"638\" \/><\/span><\/p>\n<p style=\"text-align: justify;\" align=\"justify\"><span style=\"font-family: Arial,sans-serif;\">Richard Delgado<\/span><\/p>\n<p style=\"text-align: justify;\" align=\"justify\"><span style=\"font-family: Arial,sans-serif;\">El entrevistado Richard Delgado dijo que en este prop\u00f3sito el Plan Chamba Juvenil representa una linea de acci\u00f3n estrat\u00e9gica de parte del presidente Maduro que involucra al Inces a trav\u00e9s de uno de sus programas; \u201cnuestra instituci\u00f3n no solo participa en el Plan Chamba Juvenil con el Programa Nacional de Aprendices, que aporta un importante colectivo de j\u00f3venes que se incorporan de manera formal al trabajo, sino con nuestra programaci\u00f3n formativa de cursos y talleres la instituci\u00f3n actualmente impacta en m\u00e1s del 67% sobre la meta del a\u00f1o 2017, donde fueron formados j\u00f3venes entre 18 y 35 a\u00f1os\u201d, precis\u00f3 Delgado. <\/span><\/p>\n<p align=\"justify\">\u00a0<\/p>\n<p style=\"text-align: justify;\" align=\"justify\"><span style=\"font-family: Arial,sans-serif;\">Delgado aclar\u00f3 que el Inces form\u00f3 en todas las modalidades de curso a 800 mil personas en el a\u00f1o 2017; de ese n\u00famero, 537 mil personas son j\u00f3venes entre 14 y 35 a\u00f1os y 61.201 son aprendices que hoy est\u00e1n ocupados en las entidades de trabajo, incluidos de manera directa en empresas p\u00fablicas y privadas como aprendices. \u201cSolo con estas cifras podemos visualizar el impacto que tiene el Inces en este plan\u201d, manifest\u00f3. <\/span><\/p>\n<p align=\"justify\">\u00a0<\/p>\n<p style=\"text-align: justify;\" align=\"justify\"><span style=\"font-family: Arial,sans-serif;\">En relaci\u00f3n a esta cifra dada por Delgado, Wuikelman asegur\u00f3 que se trata del segundo a\u00f1o consecutivo donde el Inces establece cifras records; cifras logradas por esta instituci\u00f3n en sesenta a\u00f1os de vida institucional. <\/span><\/p>\n<p align=\"justify\">\u00a0<\/p>\n<p style=\"text-align: justify;\" align=\"justify\">\u201c<span style=\"font-family: Arial,sans-serif;\">La juventud es un sujeto protag\u00f3nico a quien se le ha dirigido parte de los recursos y los esfuerzos; cuando llegamos a la gesti\u00f3n en el 2014, ten\u00edamos nada m\u00e1s 22 mil aprendices, tres a\u00f1os despu\u00e9s hemos llegado a 61 mil aprendices\u201d, asegur\u00f3 Delgado. <\/span><\/p>\n<p align=\"justify\">\u00a0<\/p>\n<p style=\"text-align: justify;\" align=\"justify\"><span style=\"font-family: Arial,sans-serif;\">Wuikelman record\u00f3 que la obligaci\u00f3n de contratar y formar aprendices corresponde a las entidades de trabajo, pues es una normativa establecida en el Art\u00edculo 303 de la Ley Org\u00e1nica del Trabajo y en el Art\u00edculo 25 de la Ley del Inces; \u201ces un programa de ley que debemos acompa\u00f1ar como instituci\u00f3n rectora para que se garantice la inclusi\u00f3n de estos j\u00f3venes en el mundo del trabajo formal\u201d, coment\u00f3. <\/span><\/p>\n<p align=\"justify\">\u00a0<\/p>\n<p style=\"text-align: justify;\" align=\"justify\"><span style=\"font-family: Arial,sans-serif;\">Delgado contest\u00f3 que no se trata de un trabajo temporal, pues es un programa que tiene como objetivo impactar en el \u00edndice de la reducci\u00f3n de la pobreza y en la inclusi\u00f3n del empleo joven, es un indice que mide la Unesco y la OIT, y nosotros, como Estado garante del cumplimiento de ese derecho debemos esforzarnos para incluir al mayor n\u00famero posible de j\u00f3venes al trabajo\u201d, dijo Delgado. <\/span><\/p>\n<p align=\"justify\">\u00a0<\/p>\n<p style=\"text-align: justify;\" align=\"justify\"><span style=\"font-family: Arial,sans-serif;\">En relaci\u00f3n a las obligaciones que deben cumplir las empresas (p\u00fablicas y privadas) Delgado se\u00f1al\u00f3 que toda empresa que cuente con m\u00e1s de 15 trabajadores, est\u00e1n obligadas a contratar proporcionalmente a j\u00f3venes aprendices, que no es un \u201cestudiante\u201d de la empresa, sino \u201cun trabajador que est\u00e1 contratado cuya funci\u00f3n es formarse en un oficio que tenga pertinencia con el objeto principal de la empresa, y esa contrataci\u00f3n implica la cancelaci\u00f3n de todos sus beneficios laborales\u201d. <\/span><\/p>\n<p align=\"justify\">\u00a0<\/p>\n<p style=\"text-align: justify;\" align=\"justify\"><span style=\"font-family: Arial,sans-serif;\">Freddy Mart\u00ednez<\/span><\/p>\n","protected":false},"excerpt":{"rendered":"<p>**Con los temas de la Chamba Juvenil, los aprendices Inces, juventud productiva y la orden expresa del presidente Nicol\u00e1s Maduro de incorporar al Inces a 250 mil j\u00f3venes aprendices para que sean asimilados por las entidades de trabajo en el Plan Chamba Juvenil se realiz\u00f3 una nueva emisi\u00f3n del programa radial Somos Inces, transmitido por [&hellip;]<\/p>\n","protected":false},"author":15,"featured_media":13282,"comment_status":"closed","ping_status":"closed","sticky":false,"template":"","format":"aside","meta":{"footnotes":""},"categories":[2],"tags":[],"class_list":["post-13278","post","type-post","status-publish","format-aside","has-post-thumbnail","hentry","category-blog","post_format-post-format-aside"],"_links":{"self":[{"href":"https:\/\/inces.gob.ve\/index.php\/wp-json\/wp\/v2\/posts\/13278","targetHints":{"allow":["GET"]}}],"collection":[{"href":"https:\/\/inces.gob.ve\/index.php\/wp-json\/wp\/v2\/posts"}],"about":[{"href":"https:\/\/inces.gob.ve\/index.php\/wp-json\/wp\/v2\/types\/post"}],"author":[{"embeddable":true,"href":"https:\/\/inces.gob.ve\/index.php\/wp-json\/wp\/v2\/users\/15"}],"replies":[{"embeddable":true,"href":"https:\/\/inces.gob.ve\/index.php\/wp-json\/wp\/v2\/comments?post=13278"}],"version-history":[{"count":1,"href":"https:\/\/inces.gob.ve\/index.php\/wp-json\/wp\/v2\/posts\/13278\/revisions"}],"predecessor-version":[{"id":34966,"href":"https:\/\/inces.gob.ve\/index.php\/wp-json\/wp\/v2\/posts\/13278\/revisions\/34966"}],"wp:featuredmedia":[{"embeddable":true,"href":"https:\/\/inces.gob.ve\/index.php\/wp-json\/"}],"wp:attachment":[{"href":"https:\/\/inces.gob.ve\/index.php\/wp-json\/wp\/v2\/media?parent=13278"}],"wp:term":[{"taxonomy":"category","embeddable":true,"href":"https:\/\/inces.gob.ve\/index.php\/wp-json\/wp\/v2\/categories?post=13278"},{"taxonomy":"post_tag","embeddable":true,"href":"https:\/\/inces.gob.ve\/index.php\/wp-json\/wp\/v2\/tags?post=13278"}],"curies":[{"name":"wp","href":"https:\/\/api.w.org\/{rel}","templated":true}]}}