{"id":13312,"date":"2018-03-16T07:14:21","date_gmt":"2018-03-16T13:14:21","guid":{"rendered":"http:\/\/www.inces.gob.ve\/?p=13312"},"modified":"2020-05-28T20:34:40","modified_gmt":"2020-05-29T00:34:40","slug":"trabajadores-inces-conocen-estrategias-efectivas-gestion","status":"publish","type":"post","link":"https:\/\/inces.gob.ve\/index.php\/2018\/03\/16\/trabajadores-inces-conocen-estrategias-efectivas-gestion\/","title":{"rendered":"Trabajadores Inces conocen sobre estrategias efectivas de gesti\u00f3n"},"content":{"rendered":"<p class=\"western\" lang=\"es-MX\" style=\"text-align: justify;\" align=\"justify\"><span style=\"font-family: Arial,sans-serif;\"><span style=\"font-size: medium;\"><i><b>** El taller se realiz\u00f3 como parte de los procesos de formaci\u00f3n y autoformaci\u00f3n de la clase trabajadora<\/b><\/i><\/span><\/span><\/p>\n<p class=\"western\" lang=\"es-MX\" style=\"text-align: justify;\" align=\"justify\"><!--more--><\/p>\n<p class=\"western\" lang=\"es-MX\" style=\"text-align: justify;\" align=\"justify\"><span style=\"font-family: Arial,sans-serif;\"><span style=\"font-size: medium;\"><b><br \/>\n Prensa Inces Falc\u00f3n.<\/b>&#8211; Formar equipos de alto desempe\u00f1o es una de las metas que se traza para el a\u00f1o 2018 la Gerencia Regional del Instituto Nacional de Capacitaci\u00f3n y Educaci\u00f3n Socialista (Inces) en Falc\u00f3n. Para alcanzar este prop\u00f3sito organiz\u00f3 el taller: Estrategias Efectivas de gesti\u00f3n, dirigido a los trabajadores, maestros y promotores t\u00e9cnicos de Coro y Punto Fijo. <\/span><\/span><\/p>\n<p class=\"western\" lang=\"es-MX\" style=\"text-align: justify;\" align=\"justify\"><span style=\"font-family: Arial,sans-serif;\"><span style=\"font-size: medium;\">\u00bfC\u00f3mo ser\u00e1 el Inces del futuro, cu\u00e1l ser\u00e1 su acci\u00f3n organizacional? Con estas interrogantes arranc\u00f3 el proceso formativo Darwin Paredes, de la Divisi\u00f3n de Formaci\u00f3n Profesional, como una forma de iniciar la acci\u00f3n involucrando al personal, llamado a ser transformador a trav\u00e9s de la formaci\u00f3n de miles de venezolanos. <\/span><\/span><\/p>\n<p class=\"western\" lang=\"es-MX\" style=\"text-align: justify;\" align=\"justify\"><img loading=\"lazy\" decoding=\"async\" class=\"size-full wp-image-13313 aligncenter\" src=\"http:\/\/www.inces.gob.ve\/wp-content\/uploads\/2018\/03\/2estrategias-efectivas.jpg\" alt=\"\" width=\"800\" height=\"527\" \/><\/p>\n<p class=\"western\" lang=\"es-MX\" style=\"text-align: justify;\" align=\"justify\"><span style=\"font-family: Arial,sans-serif;\"><span style=\"font-size: medium;\">Paredes, en el desarrollo del taller, fue desarrollando tem\u00e1ticas importantes como: niveles de gerencia, formaci\u00f3n para encaminar los procesos formativos del Inces, nivel de eficiencia, eficacia y calidad; habilidades de la gerencia como tomar decisiones, equipos de alto desempe\u00f1o, inteligencia actitudinal, motivaci\u00f3n, inteligencia emocional, \u00e9tica y moral, entre otros que fueron abordados en el transcurso del taller.<\/span><\/span><\/p>\n<p class=\"western\" lang=\"es-MX\" style=\"text-align: justify;\" align=\"justify\">\u201c<span style=\"font-family: Arial,sans-serif;\"><span style=\"font-size: medium;\">Estamos llamados a ser l\u00edderes para crear equipos de alto desempe\u00f1o y los equipos de alto desempe\u00f1o est\u00e1n condicionados por las personas para dar resultados y respuestas positivas, ya que las relaciones humanas est\u00e1n condicionadas por el conocer, el sentir y el hacer\u201d, puntualiz\u00f3 Darwin Paredes.<\/span><\/span><\/p>\n<p class=\"western\" lang=\"es-MX\" style=\"text-align: justify;\" align=\"justify\"><span style=\"font-family: Arial,sans-serif;\"><span style=\"font-size: medium;\">Resalt\u00f3 durante su disertaci\u00f3n, \u201chay que educar nuestras actitudes para resolver problemas generando niveles de empat\u00eda, humanizando los prop\u00f3sitos, con actitud positiva. Todos los problemas se vuelven retos, los obst\u00e1culos ense\u00f1anzas y los sue\u00f1os realidad\u201d.<\/span><\/span><\/p>\n<p class=\"western\" lang=\"es-MX\" style=\"text-align: justify;\" align=\"justify\"><span style=\"font-family: Arial,sans-serif;\"><span style=\"font-size: medium;\">Puntualiz\u00f3 que hay que identificar los nudos cr\u00edticos dentro de las organizaciones para lograr transformar, complementado con el saber escuchar, \u201ctodos los problemas conjugan en la comunicaci\u00f3n, el 80 por ciento de los problemas dentro de las instituciones est\u00e1 en la comunicaci\u00f3n, debe ser asertiva, honesta y deslastrada de todo ego\u201d.<\/span><\/span><\/p>\n<p class=\"western\" lang=\"es-MX\" style=\"text-align: justify;\" align=\"justify\"><span style=\"font-family: Arial,sans-serif;\"><span style=\"font-size: medium;\">Comunic\u00f3 a los participantes que entre todos deben construirse pol\u00edticas flexibles, creando niveles de empat\u00eda. Destac\u00f3 que una forma de motivar es creando valores c\u00f3nsonos para todos con un prop\u00f3sito acad\u00e9mico, cultivando siempre el respeto y la responsabilidad.<\/span><\/span><\/p>\n<p class=\"western\" lang=\"es-MX\" style=\"text-align: justify;\" align=\"justify\"><span style=\"font-family: Arial,sans-serif;\"><span style=\"font-size: medium;\">Por su parte la gerente regional del Inces Falc\u00f3n, Eneyda Mart\u00ednez en funci\u00f3n del taller realizado, expres\u00f3: \u201ctodos estamos llamados a ser transformadores, con consciencia y estamos en pie de lucha\u201d.<\/span><\/span><\/p>\n<p class=\"western\" lang=\"es-MX\" style=\"text-align: justify;\" align=\"justify\"><span style=\"font-family: Arial,sans-serif;\"><span style=\"font-size: medium;\">Mart\u00ednez reconoci\u00f3 que el Inces cuenta con un gran potencial humano y \u201cdentro del marco de la guerra econ\u00f3mica y el cerco internacional, se hace necesario producir y trabajar con un sentido estrat\u00e9gico. Produciendo y formando, con actitud propositiva y estoy convencida de que juntos saldremos adelante, hay que seguir luchando por nuestra patria con lealtad\u201d.<\/span><\/span><\/p>\n<p class=\"western\" lang=\"es-MX\" style=\"text-align: justify;\" align=\"justify\"><span style=\"font-family: Arial,sans-serif;\"><span style=\"font-size: medium;\">En el mismo contexto la trabajadora Maribell Rujano opin\u00f3 que siempre ha cre\u00eddo en una sociedad m\u00e1s justa e igualitaria y se\u00f1al\u00f3 que para ser diferentes hay que mantener la consciencia revolucionaria buscando siempre la soluci\u00f3n a los problemas; \u201cla formaci\u00f3n fue extraordinaria\u201d.<\/span><\/span><\/p>\n<p class=\"western\" lang=\"es-MX\" style=\"text-align: justify;\" align=\"justify\"><span style=\"font-family: Arial,sans-serif;\"><span style=\"font-size: medium;\">Miriam Gonz\u00e1lez Villarroel<\/span><\/span><\/p>\n","protected":false},"excerpt":{"rendered":"<p>** El taller se realiz\u00f3 como parte de los procesos de formaci\u00f3n y autoformaci\u00f3n de la clase trabajadora<\/p>\n","protected":false},"author":15,"featured_media":13314,"comment_status":"closed","ping_status":"closed","sticky":false,"template":"","format":"aside","meta":{"footnotes":""},"categories":[2],"tags":[],"class_list":["post-13312","post","type-post","status-publish","format-aside","has-post-thumbnail","hentry","category-blog","post_format-post-format-aside"],"_links":{"self":[{"href":"https:\/\/inces.gob.ve\/index.php\/wp-json\/wp\/v2\/posts\/13312","targetHints":{"allow":["GET"]}}],"collection":[{"href":"https:\/\/inces.gob.ve\/index.php\/wp-json\/wp\/v2\/posts"}],"about":[{"href":"https:\/\/inces.gob.ve\/index.php\/wp-json\/wp\/v2\/types\/post"}],"author":[{"embeddable":true,"href":"https:\/\/inces.gob.ve\/index.php\/wp-json\/wp\/v2\/users\/15"}],"replies":[{"embeddable":true,"href":"https:\/\/inces.gob.ve\/index.php\/wp-json\/wp\/v2\/comments?post=13312"}],"version-history":[{"count":1,"href":"https:\/\/inces.gob.ve\/index.php\/wp-json\/wp\/v2\/posts\/13312\/revisions"}],"predecessor-version":[{"id":34961,"href":"https:\/\/inces.gob.ve\/index.php\/wp-json\/wp\/v2\/posts\/13312\/revisions\/34961"}],"wp:featuredmedia":[{"embeddable":true,"href":"https:\/\/inces.gob.ve\/index.php\/wp-json\/"}],"wp:attachment":[{"href":"https:\/\/inces.gob.ve\/index.php\/wp-json\/wp\/v2\/media?parent=13312"}],"wp:term":[{"taxonomy":"category","embeddable":true,"href":"https:\/\/inces.gob.ve\/index.php\/wp-json\/wp\/v2\/categories?post=13312"},{"taxonomy":"post_tag","embeddable":true,"href":"https:\/\/inces.gob.ve\/index.php\/wp-json\/wp\/v2\/tags?post=13312"}],"curies":[{"name":"wp","href":"https:\/\/api.w.org\/{rel}","templated":true}]}}