{"id":13350,"date":"2018-03-16T19:08:18","date_gmt":"2018-03-17T01:08:18","guid":{"rendered":"http:\/\/www.inces.gob.ve\/?p=13350"},"modified":"2020-05-28T20:32:53","modified_gmt":"2020-05-29T00:32:53","slug":"__trashed","status":"publish","type":"post","link":"https:\/\/inces.gob.ve\/index.php\/2018\/03\/16\/__trashed\/","title":{"rendered":"Angel invit\u00f3 a las entidades de trabajo a incorporarse al Plan Chamba Juvenil"},"content":{"rendered":"<p style=\"text-align: justify;\"><em><strong>** Por ley, toda empresa con m\u00e1s de 15 trabajadores en su n\u00f3mina est\u00e1 en la obligaci\u00f3n de incorporar en sus espacios Aprendices Inces, en una cuota equivalente al 3% del n\u00famero total de empleados<\/strong> <\/em><!--more--><\/p>\n<p style=\"text-align: justify;\">\u00a0<\/p>\n<p style=\"text-align: justify;\"><strong>(Caracas 16.03.2018).-<\/strong> \u201cSeguimos exhortando a las entidades p\u00fablicas y privadas a que apoyen al Plan Chamba Juvenil incorporando Aprendices en sus espacios, en cumplimiento con la Ley del Inces, pero sobre todo, en cumplimiento con nuestros j\u00f3venes venezolanos\u201d<\/p>\n<p style=\"text-align: justify;\">\u00a0<\/p>\n<p style=\"text-align: justify;\">As\u00ed lo expres\u00f3 el presidente del Inces, Wuikelman Angel Paredes, en el programa televisivo \u201cEn 3 y 2\u201d, conducido por el periodista Julio Riob\u00f3 y transmitido de lunes a viernes por Venezolana de Televisi\u00f3n.<\/p>\n<p style=\"text-align: justify;\">\u00a0<\/p>\n<p style=\"text-align: justify;\">Igualmente, Angel inform\u00f3 que, a la fecha, el Inces ha logrado incorporar tanto en entidades p\u00fablicas como privadas a un total de 61.200 muchachos quienes \u201cya fueron contratados y se est\u00e1n formando gracias al Plan Chamba Juvenil, porque parte de la misi\u00f3n del Inces es orientar a la juventud hacia la producci\u00f3n productiva desde el estudio y desde el trabajo, para que contribuyan en la construcci\u00f3n de un modelo econ\u00f3mico alternativo al rentismo\u201d.\u00a0<\/p>\n<p style=\"text-align: justify;\">\u00a0<\/p>\n<p style=\"text-align: justify;\">Tambi\u00e9n estuvo en el estudio Yorgelis Ten\u00edas, aprendiz Inces en el estado Anzo\u00e1tegui y vocera del Movimiento Nacional \u201cSomos Aprendices\u201d explic\u00f3 como \u201cla juventud es la vanguardia: en nosotros est\u00e1 el compromiso y en el Estado las herramientas. Nosotros tenemos que aprovechar esas herramientas para ser una juventud activa, que se forma de manera integral y que desde ya puede formar parte del aparato productivo nacional\u201d.<\/p>\n<p style=\"text-align: justify;\">\u00a0<\/p>\n<p style=\"text-align: justify;\">\u00a0<\/p>\n<p style=\"text-align: justify;\">Noticias en desarrollo\u2026<\/p>\n<p style=\"text-align: justify;\">\u00a0<\/p>\n<p style=\"text-align: justify;\">\u00a0<\/p>\n<p style=\"text-align: justify;\">L.T.<\/p>\n","protected":false},"excerpt":{"rendered":"<p>** Por ley, toda empresa con m\u00e1s de 15 trabajadores en su n\u00f3mina est\u00e1 en la obligaci\u00f3n de incorporar en sus espacios Aprendices Inces, en una cuota equivalente al 3% del n\u00famero total de empleados<\/p>\n","protected":false},"author":4,"featured_media":13351,"comment_status":"closed","ping_status":"closed","sticky":false,"template":"","format":"aside","meta":{"footnotes":""},"categories":[2],"tags":[],"class_list":["post-13350","post","type-post","status-publish","format-aside","has-post-thumbnail","hentry","category-blog","post_format-post-format-aside"],"_links":{"self":[{"href":"https:\/\/inces.gob.ve\/index.php\/wp-json\/wp\/v2\/posts\/13350","targetHints":{"allow":["GET"]}}],"collection":[{"href":"https:\/\/inces.gob.ve\/index.php\/wp-json\/wp\/v2\/posts"}],"about":[{"href":"https:\/\/inces.gob.ve\/index.php\/wp-json\/wp\/v2\/types\/post"}],"author":[{"embeddable":true,"href":"https:\/\/inces.gob.ve\/index.php\/wp-json\/wp\/v2\/users\/4"}],"replies":[{"embeddable":true,"href":"https:\/\/inces.gob.ve\/index.php\/wp-json\/wp\/v2\/comments?post=13350"}],"version-history":[{"count":1,"href":"https:\/\/inces.gob.ve\/index.php\/wp-json\/wp\/v2\/posts\/13350\/revisions"}],"predecessor-version":[{"id":34954,"href":"https:\/\/inces.gob.ve\/index.php\/wp-json\/wp\/v2\/posts\/13350\/revisions\/34954"}],"wp:featuredmedia":[{"embeddable":true,"href":"https:\/\/inces.gob.ve\/index.php\/wp-json\/"}],"wp:attachment":[{"href":"https:\/\/inces.gob.ve\/index.php\/wp-json\/wp\/v2\/media?parent=13350"}],"wp:term":[{"taxonomy":"category","embeddable":true,"href":"https:\/\/inces.gob.ve\/index.php\/wp-json\/wp\/v2\/categories?post=13350"},{"taxonomy":"post_tag","embeddable":true,"href":"https:\/\/inces.gob.ve\/index.php\/wp-json\/wp\/v2\/tags?post=13350"}],"curies":[{"name":"wp","href":"https:\/\/api.w.org\/{rel}","templated":true}]}}