{"id":13358,"date":"2018-03-17T12:47:17","date_gmt":"2018-03-17T18:47:17","guid":{"rendered":"http:\/\/www.inces.gob.ve\/?p=13358"},"modified":"2020-05-28T20:32:52","modified_gmt":"2020-05-29T00:32:52","slug":"se-crean-las-bases-movimiento-somos-aprendices-inces","status":"publish","type":"post","link":"https:\/\/inces.gob.ve\/index.php\/2018\/03\/17\/se-crean-las-bases-movimiento-somos-aprendices-inces\/","title":{"rendered":"Se crean las bases para el Movimiento Somos Aprendices Inces"},"content":{"rendered":"<p style=\"text-align: justify;\" align=\"justify\"><i><b>** El 1er. Encuentro Nacional del Movimiento Somos Aprendices sirvi\u00f3 de marco para crear y estructurar una organizaci\u00f3n juvenil llamada a transformar de forma radical la formaci\u00f3n y el trabajo de j\u00f3venes; generada y auspiciada desde y por el Inces, haci\u00e9ndolos m\u00e1s inclusivos y con un perfil humanista<\/b><\/i><!--more--><\/p>\n<p style=\"text-align: justify;\" align=\"justify\"><b>Prensa Inces sede.- <\/b>Las espaciosas instalaciones del Centro de Formaci\u00f3n Socialista (CFS) Metropolitano de Caricuao sirvieron de escenario para sentar las bases que dar\u00e1n sustento a la creaci\u00f3n del Movimiento Somos Aprendices con influencia y acci\u00f3n nacional dentro del universo de muchachos inscritos en el Programa Nacional de Aprendizaje (PNA) Inces, quienes buscan un espacio de encuentro, expresi\u00f3n e inclusi\u00f3n socio laboral en el desarrollo y construcci\u00f3n de una patria nueva.<\/p>\n<p align=\"justify\"><img loading=\"lazy\" decoding=\"async\" class=\"size-full wp-image-13364 aligncenter\" src=\"http:\/\/www.inces.gob.ve\/wp-content\/uploads\/2018\/03\/18032018-CHAMBA-JUVENIL-ANEXO-JR-8.jpg\" alt=\"\" width=\"3648\" height=\"2432\" \/><\/p>\n<p style=\"text-align: justify;\" align=\"justify\">Con una metodolog\u00eda que consisti\u00f3 en la instalaci\u00f3n de seis mesas de trabajo distinguidas con igual n\u00famero de temas: (Comunicaci\u00f3n, Formaci\u00f3n, Organizaci\u00f3n y Movilizaci\u00f3n, Producci\u00f3n e Innovaci\u00f3n, Cultura Deporte y Recreaci\u00f3n y Defensa del joven Trabajador) se discutieron, en el marco de cada punto en cuesti\u00f3n, las realizaci\u00f3n de proyectos y metas, la manera m\u00e1s id\u00f3nea de llevarlos a cabo, la selecci\u00f3n de los responsables adecuados para su ejecuci\u00f3n, el momento y lugar preciso de su materializaci\u00f3n y hasta las posibilidades de financiamiento y sustentabilidad.<\/p>\n<p align=\"justify\"><img loading=\"lazy\" decoding=\"async\" class=\"size-full wp-image-13360 aligncenter\" src=\"http:\/\/www.inces.gob.ve\/wp-content\/uploads\/2018\/03\/18032018-CHAMBA-JUVENIL-ANEXO-JR-28.jpg\" alt=\"\" width=\"3648\" height=\"2432\" \/><\/p>\n<p style=\"text-align: justify;\" align=\"justify\">Con esta din\u00e1mica los voceros regionales, uno por estado en cada mesa, se abri\u00f3 un debate dirigido por expertos preseleccionados y se exploraron los temas, se formularon propuestas y dise\u00f1aron pol\u00edticas de inclusi\u00f3n y acompa\u00f1amiento que continuar\u00edan este s\u00e1bado 17 en los salones del CFS Jorge Rodr\u00edguez en la sede Inces, con la estructuraci\u00f3n de un plan de acci\u00f3n-resumen que posteriormente ser\u00eda expuesto con ocasi\u00f3n de la plenaria estipulada para el tercer y \u00faltimo d\u00eda de la jornada (domingo 18) donde se vaciar\u00e1n los contenidos alcanzados.<\/p>\n<p align=\"justify\">\u00a0<\/p>\n<p align=\"justify\"><img loading=\"lazy\" decoding=\"async\" class=\"size-full wp-image-13362 aligncenter\" src=\"http:\/\/www.inces.gob.ve\/wp-content\/uploads\/2018\/03\/18032018-CHAMBA-JUVENIL-ANEXO-JR-17.jpg\" alt=\"\" width=\"3648\" height=\"2432\" \/><\/p>\n<p align=\"justify\">\u00a0<\/p>\n<p style=\"text-align: justify;\" align=\"justify\">El coordinador nacional de Juventud Productiva Inces, diputado constituyentista, Oliver Guzm\u00e1n, en reuni\u00f3n con el equipo de coordinadores de los voceros regionales, manifest\u00f3 que lleg\u00f3 la hora de consolidar nacionalmente el proyecto, seleccionar sus integrantes y voceros m\u00e1s entusiastas, vigorizarse previo estudio de fortalezas y debilidades, y seguidamente trascender hacia las tem\u00e1ticas sociopol\u00edticas, haciendo valer el peso juvenil en la sociedad.<\/p>\n<p align=\"justify\">\u00a0<\/p>\n<p align=\"justify\"><img loading=\"lazy\" decoding=\"async\" class=\"size-full wp-image-13363 alignnone\" src=\"http:\/\/www.inces.gob.ve\/wp-content\/uploads\/2018\/03\/18032018-CHAMBA-JUVENIL-ANEXO-JR-14.jpg\" alt=\"\" width=\"3648\" height=\"2432\" \/><\/p>\n<p align=\"justify\">\u00a0<\/p>\n<p style=\"text-align: justify;\" align=\"justify\">Y es que en definitiva, un conglomerado con estas caracter\u00edsticas est\u00e1 llamado a generar oportunidades laborales y participativas para que los j\u00f3venes puedan formular proyectos de vida, construyendo conocimientos y pol\u00edticas p\u00fablicas dirigidas a su entorno generacional, dentro de un fortalecimiento organizativo que desencadene en la inclusi\u00f3n de sangre joven, en proyectos claves para la transformaci\u00f3n social; as\u00ed lo expres\u00f3 Eduardo Salazar, coordinador nacional del Juventud productiva Inces.<\/p>\n<p align=\"justify\">\u00a0<\/p>\n<p style=\"text-align: justify;\" align=\"justify\"><b>Elecci\u00f3n del Secretariado Nacional de Somos Aprendices <\/b><\/p>\n<p align=\"justify\">Como parte de los compromisos establecidos para esta congregaci\u00f3n, este s\u00e1bado 17 ocurrir\u00e1 la selecci\u00f3n del Secretariado Nacional del MNSA que surgir\u00e1 del universo de los casi 200 representantes estadales divididos en seis mesas de trabajo. Es decir, se celebrar\u00e1 un proceso de votaci\u00f3n interna en cada mesa de debate y luego del sufragio correspondiente se proclamar\u00e1 al vocero principal que los representar\u00e1 en el Secretariado electo. La juramentaci\u00f3n est\u00e1 prevista para el d\u00eda domingo 18.<\/p>\n<p align=\"justify\">\u00a0<\/p>\n<p style=\"text-align: justify;\" align=\"justify\"><strong>Im\u00e1genes desde el centro de formaci\u00f3n socialista Metropolitano Caricuao<\/strong><\/p>\n<p align=\"justify\">\u00a0<\/p>\n<p align=\"justify\"><img loading=\"lazy\" decoding=\"async\" class=\"alignnone size-full wp-image-13388\" src=\"http:\/\/www.inces.gob.ve\/wp-content\/uploads\/2018\/03\/17032018-CHAMBA-JUVENIL-CARICUAO-JR-40.jpg\" alt=\"\" width=\"3648\" height=\"2432\" \/> <img loading=\"lazy\" decoding=\"async\" class=\"alignnone size-medium wp-image-13390\" src=\"http:\/\/www.inces.gob.ve\/wp-content\/uploads\/2018\/03\/17032018-CHAMBA-JUVENIL-CARICUAO-JR-36.jpg\" alt=\"\" width=\"300\" height=\"200\" \/> <img loading=\"lazy\" decoding=\"async\" class=\"alignnone size-medium wp-image-13391\" src=\"http:\/\/www.inces.gob.ve\/wp-content\/uploads\/2018\/03\/17032018-CHAMBA-JUVENIL-CARICUAO-JR-35.jpg\" alt=\"\" width=\"300\" height=\"200\" \/> <img loading=\"lazy\" decoding=\"async\" class=\"alignnone size-medium wp-image-13392\" src=\"http:\/\/www.inces.gob.ve\/wp-content\/uploads\/2018\/03\/17032018-CHAMBA-JUVENIL-CARICUAO-JR-28.jpg\" alt=\"\" width=\"300\" height=\"200\" \/> <img loading=\"lazy\" decoding=\"async\" class=\"alignnone size-medium wp-image-13393\" src=\"http:\/\/www.inces.gob.ve\/wp-content\/uploads\/2018\/03\/17032018-CHAMBA-JUVENIL-CARICUAO-JR-18.jpg\" alt=\"\" width=\"300\" height=\"200\" \/> <img loading=\"lazy\" decoding=\"async\" class=\"alignnone size-medium wp-image-13394\" src=\"http:\/\/www.inces.gob.ve\/wp-content\/uploads\/2018\/03\/17032018-CHAMBA-JUVENIL-CARICUAO-JR-11.jpg\" alt=\"\" width=\"300\" height=\"200\" \/> <img loading=\"lazy\" decoding=\"async\" class=\"alignnone size-medium wp-image-13395\" src=\"http:\/\/www.inces.gob.ve\/wp-content\/uploads\/2018\/03\/17032018-CHAMBA-JUVENIL-CARICUAO-JR-10.jpg\" alt=\"\" width=\"300\" height=\"200\" \/> <img loading=\"lazy\" decoding=\"async\" class=\"alignnone size-medium wp-image-13396\" src=\"http:\/\/www.inces.gob.ve\/wp-content\/uploads\/2018\/03\/17032018-CHAMBA-JUVENIL-CARICUAO-JR-8.jpg\" alt=\"\" width=\"300\" height=\"200\" \/> <img loading=\"lazy\" decoding=\"async\" class=\"alignnone size-medium wp-image-13397\" src=\"http:\/\/www.inces.gob.ve\/wp-content\/uploads\/2018\/03\/17032018-CHAMBA-JUVENIL-CARICUAO-JR-6.jpg\" alt=\"\" width=\"300\" height=\"200\" \/> <img loading=\"lazy\" decoding=\"async\" class=\"alignnone size-medium wp-image-13398\" src=\"http:\/\/www.inces.gob.ve\/wp-content\/uploads\/2018\/03\/17032018-CHAMBA-JUVENIL-CARICUAO-JR-4.jpg\" alt=\"\" width=\"300\" height=\"200\" \/> <img loading=\"lazy\" decoding=\"async\" class=\"alignnone size-medium wp-image-13399\" src=\"http:\/\/www.inces.gob.ve\/wp-content\/uploads\/2018\/03\/17032018-CHAMBA-JUVENIL-CARICUAO-JR-2.jpg\" alt=\"\" width=\"300\" height=\"197\" \/> <img loading=\"lazy\" decoding=\"async\" class=\"alignnone size-medium wp-image-13400\" src=\"http:\/\/www.inces.gob.ve\/wp-content\/uploads\/2018\/03\/17032018-CHAMBA-JUVENIL-CARICUAO-JR-1.jpg\" alt=\"\" width=\"300\" height=\"200\" \/><\/p>\n<p align=\"justify\"><strong>T\/ Ivaldo Rodr\u00edguez<\/strong><\/p>\n<p align=\"justify\"><strong>F\/ Jos\u00e9 Rosario<\/strong><\/p>\n","protected":false},"excerpt":{"rendered":"<p>** El 1er. Encuentro Nacional del Movimiento Somos Aprendices sirvi\u00f3 de marco para crear y estructurar una organizaci\u00f3n juvenil llamada a transformar de forma radical la formaci\u00f3n y el trabajo de j\u00f3venes; generada y auspiciada desde y por el Inces, haci\u00e9ndolos m\u00e1s inclusivos y con un perfil humanista<\/p>\n","protected":false},"author":4,"featured_media":13361,"comment_status":"closed","ping_status":"closed","sticky":false,"template":"","format":"aside","meta":{"footnotes":""},"categories":[2],"tags":[],"class_list":["post-13358","post","type-post","status-publish","format-aside","has-post-thumbnail","hentry","category-blog","post_format-post-format-aside"],"_links":{"self":[{"href":"https:\/\/inces.gob.ve\/index.php\/wp-json\/wp\/v2\/posts\/13358","targetHints":{"allow":["GET"]}}],"collection":[{"href":"https:\/\/inces.gob.ve\/index.php\/wp-json\/wp\/v2\/posts"}],"about":[{"href":"https:\/\/inces.gob.ve\/index.php\/wp-json\/wp\/v2\/types\/post"}],"author":[{"embeddable":true,"href":"https:\/\/inces.gob.ve\/index.php\/wp-json\/wp\/v2\/users\/4"}],"replies":[{"embeddable":true,"href":"https:\/\/inces.gob.ve\/index.php\/wp-json\/wp\/v2\/comments?post=13358"}],"version-history":[{"count":1,"href":"https:\/\/inces.gob.ve\/index.php\/wp-json\/wp\/v2\/posts\/13358\/revisions"}],"predecessor-version":[{"id":34949,"href":"https:\/\/inces.gob.ve\/index.php\/wp-json\/wp\/v2\/posts\/13358\/revisions\/34949"}],"wp:featuredmedia":[{"embeddable":true,"href":"https:\/\/inces.gob.ve\/index.php\/wp-json\/"}],"wp:attachment":[{"href":"https:\/\/inces.gob.ve\/index.php\/wp-json\/wp\/v2\/media?parent=13358"}],"wp:term":[{"taxonomy":"category","embeddable":true,"href":"https:\/\/inces.gob.ve\/index.php\/wp-json\/wp\/v2\/categories?post=13358"},{"taxonomy":"post_tag","embeddable":true,"href":"https:\/\/inces.gob.ve\/index.php\/wp-json\/wp\/v2\/tags?post=13358"}],"curies":[{"name":"wp","href":"https:\/\/api.w.org\/{rel}","templated":true}]}}