{"id":13381,"date":"2018-03-17T12:45:07","date_gmt":"2018-03-17T18:45:07","guid":{"rendered":"http:\/\/www.inces.gob.ve\/?p=13381"},"modified":"2020-05-28T20:32:52","modified_gmt":"2020-05-29T00:32:52","slug":"aprendices-se-formaran-tecnologia-primera","status":"publish","type":"post","link":"https:\/\/inces.gob.ve\/index.php\/2018\/03\/17\/aprendices-se-formaran-tecnologia-primera\/","title":{"rendered":"Aprendices se formar\u00e1n con tecnolog\u00eda de primera"},"content":{"rendered":"<p style=\"text-align: justify;\" align=\"center\"><em><strong><span lang=\"es-ES\">** Inces T\u00e1chira y Cantv unifican alianza para la soberan\u00eda e independencia tecnol\u00f3gica<\/span><\/strong><\/em><!--more--><\/p>\n<p align=\"justify\">\u00a0<\/p>\n<p style=\"text-align: justify;\" align=\"justify\"><strong><span lang=\"es-ES\">Prensa Inces Tachira.- <\/span><\/strong><span lang=\"es-ES\">Desde el centro de formaci\u00f3n socialista \u201cSan Crist\u00f3bal\u201d, el gerente regional de Inces T\u00e1chira, Geovanni Gonz\u00e1lez, junto a Jos\u00e9 Rodr\u00edguez, <\/span><span lang=\"es-ES\">g<\/span><span lang=\"es-ES\">erente <\/span><span lang=\"es-ES\">r<\/span><span lang=\"es-ES\">egional de C<\/span><span lang=\"es-ES\">antv<\/span><span lang=\"es-ES\">, efectuaron <\/span><span lang=\"es-ES\">un <\/span><span lang=\"es-ES\">recorrido <\/span><span lang=\"es-ES\">por <\/span><span lang=\"es-ES\">los diferentes laboratorios de electr\u00f3nica, telecomunicaciones y m<\/span><span lang=\"es-ES\">\u00e1<\/span><span lang=\"es-ES\">quinas el\u00e9ctricas, donde supervisaron cada uno de los m<\/span><span lang=\"es-ES\">\u00f3<\/span><span lang=\"es-ES\">dulo<\/span><span lang=\"es-ES\">s<\/span><span lang=\"es-ES\"> de alta tecnolog\u00eda.<\/span><\/p>\n<p align=\"justify\">\u00a0<\/p>\n<p style=\"text-align: justify;\" align=\"justify\"><span lang=\"es-ES\">Geovanni se\u00f1al\u00f3: \u201cEstamos unificando alianzas para el fortalecimiento del campo tecnol\u00f3gico junto al apoyo de Cantv, seguiremos <\/span><span lang=\"es-ES\">trabajando en<\/span><span lang=\"es-ES\"> los avances para as\u00ed activar los laboratorios y formar a los j\u00f3venes en la construcci\u00f3n de saberes en la entidad\u201d. <\/span><\/p>\n<p align=\"justify\">\u00a0<\/p>\n<p align=\"justify\"><img loading=\"lazy\" decoding=\"async\" class=\"size-full wp-image-13384 aligncenter\" src=\"http:\/\/www.inces.gob.ve\/wp-content\/uploads\/2018\/03\/2018-03-15-10.31.12.jpg\" alt=\"\" width=\"1600\" height=\"960\" \/>\u00a0<\/p>\n<p style=\"text-align: justify;\" align=\"justify\"><span lang=\"es-ES\">Jos\u00e9 Rodr\u00edguez, gerente <\/span><span lang=\"es-ES\">de T<\/span><span lang=\"es-ES\">\u00e1chira Cantv asegur\u00f3: \u201c Desde la Presidencia de Cantv, a cargo del Ing. Manuel estamos en toda la disposici\u00f3n de dar inicio al proyecto de formaci\u00f3n y aprendizaje a los j\u00f3venes emprendedores del T\u00e1chira\u201d. <\/span><\/p>\n<p align=\"justify\">\u00a0<\/p>\n<p style=\"text-align: justify;\" align=\"justify\"><span lang=\"es-ES\">En su segunda mesa de trabajo ambas instituciones definen fecha para consolidar las actividades necesarias y los requerimientos propios del proyecto de formaci\u00f3n y autoformaci\u00f3n colectiva, integral, continua y permanente, la producci\u00f3n y prestaci\u00f3n de servicios a usuarios en la reparaci\u00f3n y mantenimiento de equipos suministrados por Cantv al pueblo. <\/span><\/p>\n<p align=\"justify\">\u00a0<\/p>\n<p align=\"justify\"><img loading=\"lazy\" decoding=\"async\" class=\"size-full wp-image-13382 aligncenter\" src=\"http:\/\/www.inces.gob.ve\/wp-content\/uploads\/2018\/03\/2018-03-15-11.30.49.jpg\" alt=\"\" width=\"1600\" height=\"960\" \/><\/p>\n<p align=\"justify\">\u00a0<\/p>\n<p style=\"text-align: justify;\" align=\"justify\"><span lang=\"es-ES\">Finalmente Gonz\u00e1lez subray\u00f3: \u201cEl Inces es el motor de la juventud productiva y protag\u00f3nica desde las trincheras seguiremos impulsando la patria productiva con nuestros aprendices\u201d. <\/span><\/p>\n<p align=\"justify\">\u00a0<\/p>\n<p align=\"justify\">\u00a0<\/p>\n<p style=\"text-align: justify;\" align=\"left\"><strong><span lang=\"es-ES\">T\/ <\/span><span lang=\"es-ES\">Ysis Delgado<\/span><\/strong><\/p>\n","protected":false},"excerpt":{"rendered":"<p>** Inces T\u00e1chira y Cantv unifican alianza para la soberan\u00eda e independencia tecnol\u00f3gica<\/p>\n","protected":false},"author":4,"featured_media":13385,"comment_status":"closed","ping_status":"closed","sticky":false,"template":"","format":"aside","meta":{"footnotes":""},"categories":[2],"tags":[],"class_list":["post-13381","post","type-post","status-publish","format-aside","has-post-thumbnail","hentry","category-blog","post_format-post-format-aside"],"_links":{"self":[{"href":"https:\/\/inces.gob.ve\/index.php\/wp-json\/wp\/v2\/posts\/13381","targetHints":{"allow":["GET"]}}],"collection":[{"href":"https:\/\/inces.gob.ve\/index.php\/wp-json\/wp\/v2\/posts"}],"about":[{"href":"https:\/\/inces.gob.ve\/index.php\/wp-json\/wp\/v2\/types\/post"}],"author":[{"embeddable":true,"href":"https:\/\/inces.gob.ve\/index.php\/wp-json\/wp\/v2\/users\/4"}],"replies":[{"embeddable":true,"href":"https:\/\/inces.gob.ve\/index.php\/wp-json\/wp\/v2\/comments?post=13381"}],"version-history":[{"count":1,"href":"https:\/\/inces.gob.ve\/index.php\/wp-json\/wp\/v2\/posts\/13381\/revisions"}],"predecessor-version":[{"id":34950,"href":"https:\/\/inces.gob.ve\/index.php\/wp-json\/wp\/v2\/posts\/13381\/revisions\/34950"}],"wp:featuredmedia":[{"embeddable":true,"href":"https:\/\/inces.gob.ve\/index.php\/wp-json\/"}],"wp:attachment":[{"href":"https:\/\/inces.gob.ve\/index.php\/wp-json\/wp\/v2\/media?parent=13381"}],"wp:term":[{"taxonomy":"category","embeddable":true,"href":"https:\/\/inces.gob.ve\/index.php\/wp-json\/wp\/v2\/categories?post=13381"},{"taxonomy":"post_tag","embeddable":true,"href":"https:\/\/inces.gob.ve\/index.php\/wp-json\/wp\/v2\/tags?post=13381"}],"curies":[{"name":"wp","href":"https:\/\/api.w.org\/{rel}","templated":true}]}}